{"id":91155,"date":"2019-04-11T13:00:22","date_gmt":"2019-04-11T16:00:22","guid":{"rendered":"http:\/\/www.caririemacao.com\/1\/?p=91155"},"modified":"2019-04-11T13:00:22","modified_gmt":"2019-04-11T16:00:22","slug":"governo-esta-implementando-planos-de-segurancas-em-barragens","status":"publish","type":"post","link":"https:\/\/www.caririemacao.com\/1\/2019\/04\/11\/governo-esta-implementando-planos-de-segurancas-em-barragens\/","title":{"rendered":"Governo est\u00e1 implementando planos de seguran\u00e7as em barragens"},"content":{"rendered":"\n<p>O Governo da Para\u00edba est\u00e1 contratando planos de seguran\u00e7a para as barragens localizadas no Estado.\u00a0Ap\u00f3s a trag\u00e9dia de Brumadinho, em Minas Gerais, quando quase 200 pessoas morreram ap\u00f3s o rompimento de uma barragem, as aten\u00e7\u00f5es se voltaram \u00e0 manuten\u00e7\u00e3o e ao monitoramento das estruturas. Segundo Jo\u00e3o Azev\u00eado, j\u00e1 existe desde 2012 um plano de conserva\u00e7\u00e3o.<\/p>\n\n\n\n<p>\u201cA Para\u00edba \u00e9 um dos poucos estados do Brasil que mant\u00e9m um programa de manuten\u00e7\u00e3o e conserva\u00e7\u00e3o de barragem desde 2012. J\u00e1 recuperamos mais de 50 barragens, mais 20 est\u00e3o em processo de licita\u00e7\u00e3o. Estamos implementando, contratado e j\u00e1 elaborando os planos de seguran\u00e7a de todas essas barragens\u201d, afirmou.<\/p>\n\n\n\n<p>Ainda de acordo com o gestor, as novas barragens j\u00e1 est\u00e3o sendo constru\u00eddas com a preocupa\u00e7\u00e3o da seguran\u00e7a e do monitoramento de poss\u00edveis riscos de colapso. Ele utilizou o exemplo da Nova Camar\u00e1.<\/p>\n\n\n\n<p>\u201cA Barragem de Camar\u00e1, a Nova Camar\u00e1, foi reconstru\u00edda com todas as tecnologias, do que h\u00e1 de mais moderno. Temos sensores em toda condi\u00e7\u00e3o, em todas as paredes da barragem, em todos os pontos principais\u201d, explicou.<\/p>\n","protected":false},"excerpt":{"rendered":"<p>O Governo da Para\u00edba est\u00e1 contratando planos de seguran\u00e7a para as barragens localizadas no Estado.\u00a0Ap\u00f3s a trag\u00e9dia de Brumadinho, em Minas Gerais, quando quase 200&hellip; <\/p>\n","protected":false},"author":1,"featured_media":91156,"comment_status":"closed","ping_status":"closed","sticky":false,"template":"","format":"standard","meta":{"sfsi_plus_gutenberg_text_before_share":"","sfsi_plus_gutenberg_show_text_before_share":"","sfsi_plus_gutenberg_icon_type":"","sfsi_plus_gutenberg_icon_alignemt":"","sfsi_plus_gutenburg_max_per_row":"","footnotes":""},"categories":[11],"tags":[],"class_list":["post-91155","post","type-post","status-publish","format-standard","has-post-thumbnail","hentry","category-politica"],"_links":{"self":[{"href":"https:\/\/www.caririemacao.com\/1\/wp-json\/wp\/v2\/posts\/91155","targetHints":{"allow":["GET"]}}],"collection":[{"href":"https:\/\/www.caririemacao.com\/1\/wp-json\/wp\/v2\/posts"}],"about":[{"href":"https:\/\/www.caririemacao.com\/1\/wp-json\/wp\/v2\/types\/post"}],"author":[{"embeddable":true,"href":"https:\/\/www.caririemacao.com\/1\/wp-json\/wp\/v2\/users\/1"}],"replies":[{"embeddable":true,"href":"https:\/\/www.caririemacao.com\/1\/wp-json\/wp\/v2\/comments?post=91155"}],"version-history":[{"count":1,"href":"https:\/\/www.caririemacao.com\/1\/wp-json\/wp\/v2\/posts\/91155\/revisions"}],"predecessor-version":[{"id":91157,"href":"https:\/\/www.caririemacao.com\/1\/wp-json\/wp\/v2\/posts\/91155\/revisions\/91157"}],"wp:featuredmedia":[{"embeddable":true,"href":"https:\/\/www.caririemacao.com\/1\/wp-json\/wp\/v2\/media\/91156"}],"wp:attachment":[{"href":"https:\/\/www.caririemacao.com\/1\/wp-json\/wp\/v2\/media?parent=91155"}],"wp:term":[{"taxonomy":"category","embeddable":true,"href":"https:\/\/www.caririemacao.com\/1\/wp-json\/wp\/v2\/categories?post=91155"},{"taxonomy":"post_tag","embeddable":true,"href":"https:\/\/www.caririemacao.com\/1\/wp-json\/wp\/v2\/tags?post=91155"}],"curies":[{"name":"wp","href":"https:\/\/api.w.org\/{rel}","templated":true}]}}