{"id":91159,"date":"2019-04-11T13:02:56","date_gmt":"2019-04-11T16:02:56","guid":{"rendered":"http:\/\/www.caririemacao.com\/1\/?p=91159"},"modified":"2019-04-11T13:02:56","modified_gmt":"2019-04-11T16:02:56","slug":"policia-prende-bandidos-apos-assaltar-homem-em-monteiro","status":"publish","type":"post","link":"https:\/\/www.caririemacao.com\/1\/2019\/04\/11\/policia-prende-bandidos-apos-assaltar-homem-em-monteiro\/","title":{"rendered":"Pol\u00edcia prende bandidos ap\u00f3s assaltar Homem em Monteiro"},"content":{"rendered":"\n<p>Dois indiv\u00edduos foram presos na noite da \u00faltima quarta-feira, ap\u00f3s assaltarem um homem em Monteiro no Cariri.<\/p>\n\n\n\n<p>De acordo com informa\u00e7\u00f5es, os bandidos armados com uma faca subtra\u00edram da v\u00edtima um aparelho celular e a carteira. Em uma a\u00e7\u00e3o r\u00e1pida da pol\u00edcia os suspeitos foram presos .<\/p>\n\n\n\n<p>Os dois suspeitos foram encaminhados \u00e1 delegacia de Pol\u00edcia Civil de Monteiro, onde ficar\u00e3o \u00e0 disposi\u00e7\u00e3o da justi\u00e7a.<\/p>\n\n\n\n<p><\/p>\n\n\n\n<p>OPIPOCO <\/p>\n","protected":false},"excerpt":{"rendered":"<p>Dois indiv\u00edduos foram presos na noite da \u00faltima quarta-feira, ap\u00f3s assaltarem um homem em Monteiro no Cariri. De acordo com informa\u00e7\u00f5es, os bandidos armados com&hellip; <\/p>\n","protected":false},"author":1,"featured_media":89112,"comment_status":"closed","ping_status":"closed","sticky":false,"template":"","format":"standard","meta":{"sfsi_plus_gutenberg_text_before_share":"","sfsi_plus_gutenberg_show_text_before_share":"","sfsi_plus_gutenberg_icon_type":"","sfsi_plus_gutenberg_icon_alignemt":"","sfsi_plus_gutenburg_max_per_row":"","footnotes":""},"categories":[50,12],"tags":[],"class_list":["post-91159","post","type-post","status-publish","format-standard","has-post-thumbnail","hentry","category-destaque","category-policia"],"_links":{"self":[{"href":"https:\/\/www.caririemacao.com\/1\/wp-json\/wp\/v2\/posts\/91159","targetHints":{"allow":["GET"]}}],"collection":[{"href":"https:\/\/www.caririemacao.com\/1\/wp-json\/wp\/v2\/posts"}],"about":[{"href":"https:\/\/www.caririemacao.com\/1\/wp-json\/wp\/v2\/types\/post"}],"author":[{"embeddable":true,"href":"https:\/\/www.caririemacao.com\/1\/wp-json\/wp\/v2\/users\/1"}],"replies":[{"embeddable":true,"href":"https:\/\/www.caririemacao.com\/1\/wp-json\/wp\/v2\/comments?post=91159"}],"version-history":[{"count":1,"href":"https:\/\/www.caririemacao.com\/1\/wp-json\/wp\/v2\/posts\/91159\/revisions"}],"predecessor-version":[{"id":91160,"href":"https:\/\/www.caririemacao.com\/1\/wp-json\/wp\/v2\/posts\/91159\/revisions\/91160"}],"wp:featuredmedia":[{"embeddable":true,"href":"https:\/\/www.caririemacao.com\/1\/wp-json\/wp\/v2\/media\/89112"}],"wp:attachment":[{"href":"https:\/\/www.caririemacao.com\/1\/wp-json\/wp\/v2\/media?parent=91159"}],"wp:term":[{"taxonomy":"category","embeddable":true,"href":"https:\/\/www.caririemacao.com\/1\/wp-json\/wp\/v2\/categories?post=91159"},{"taxonomy":"post_tag","embeddable":true,"href":"https:\/\/www.caririemacao.com\/1\/wp-json\/wp\/v2\/tags?post=91159"}],"curies":[{"name":"wp","href":"https:\/\/api.w.org\/{rel}","templated":true}]}}