{"id":91163,"date":"2019-04-11T13:22:44","date_gmt":"2019-04-11T16:22:44","guid":{"rendered":"http:\/\/www.caririemacao.com\/1\/?p=91163"},"modified":"2019-04-11T13:22:44","modified_gmt":"2019-04-11T16:22:44","slug":"deputado-apresenta-pec-para-unificar-eleicoes-e-prorrogar-mandatos-de-prefeitos","status":"publish","type":"post","link":"https:\/\/www.caririemacao.com\/1\/2019\/04\/11\/deputado-apresenta-pec-para-unificar-eleicoes-e-prorrogar-mandatos-de-prefeitos\/","title":{"rendered":"Deputado apresenta PEC para unificar elei\u00e7\u00f5es e prorrogar mandatos de prefeitos"},"content":{"rendered":"\n<p>O deputado federal Rog\u00e9rio Peninha Mendon\u00e7a (MDB\/SC) protocolou nesta quarta-feira, 10, a proposta de Emenda Constitucional 49\/2019, \u201cpara prorrogar os mandatos dos atuais Prefeitos, Vice-Prefeitos e Vereadores, unificando as elei\u00e7\u00f5es gerais e as elei\u00e7\u00f5es municipais\u201d.<br>Pela proposta, as pr\u00f3ximas elei\u00e7\u00f5es seriam unificadas, de vereador a presidente da Rep\u00fablica, e aconteceriam apenas em 2022.<br>O deputado protocolou a proposta no dia que Bras\u00edlia est\u00e1 lotada de prefeitos e vereadores, que participam da tradicional marcha de prefeitos.<\/p>\n","protected":false},"excerpt":{"rendered":"<p>O deputado federal Rog\u00e9rio Peninha Mendon\u00e7a (MDB\/SC) protocolou nesta quarta-feira, 10, a proposta de Emenda Constitucional 49\/2019, \u201cpara prorrogar os mandatos dos atuais Prefeitos, Vice-Prefeitos&hellip; <\/p>\n","protected":false},"author":1,"featured_media":70062,"comment_status":"closed","ping_status":"closed","sticky":false,"template":"","format":"standard","meta":{"sfsi_plus_gutenberg_text_before_share":"","sfsi_plus_gutenberg_show_text_before_share":"","sfsi_plus_gutenberg_icon_type":"","sfsi_plus_gutenberg_icon_alignemt":"","sfsi_plus_gutenburg_max_per_row":"","footnotes":""},"categories":[11],"tags":[],"class_list":["post-91163","post","type-post","status-publish","format-standard","has-post-thumbnail","hentry","category-politica"],"_links":{"self":[{"href":"https:\/\/www.caririemacao.com\/1\/wp-json\/wp\/v2\/posts\/91163","targetHints":{"allow":["GET"]}}],"collection":[{"href":"https:\/\/www.caririemacao.com\/1\/wp-json\/wp\/v2\/posts"}],"about":[{"href":"https:\/\/www.caririemacao.com\/1\/wp-json\/wp\/v2\/types\/post"}],"author":[{"embeddable":true,"href":"https:\/\/www.caririemacao.com\/1\/wp-json\/wp\/v2\/users\/1"}],"replies":[{"embeddable":true,"href":"https:\/\/www.caririemacao.com\/1\/wp-json\/wp\/v2\/comments?post=91163"}],"version-history":[{"count":1,"href":"https:\/\/www.caririemacao.com\/1\/wp-json\/wp\/v2\/posts\/91163\/revisions"}],"predecessor-version":[{"id":91164,"href":"https:\/\/www.caririemacao.com\/1\/wp-json\/wp\/v2\/posts\/91163\/revisions\/91164"}],"wp:featuredmedia":[{"embeddable":true,"href":"https:\/\/www.caririemacao.com\/1\/wp-json\/wp\/v2\/media\/70062"}],"wp:attachment":[{"href":"https:\/\/www.caririemacao.com\/1\/wp-json\/wp\/v2\/media?parent=91163"}],"wp:term":[{"taxonomy":"category","embeddable":true,"href":"https:\/\/www.caririemacao.com\/1\/wp-json\/wp\/v2\/categories?post=91163"},{"taxonomy":"post_tag","embeddable":true,"href":"https:\/\/www.caririemacao.com\/1\/wp-json\/wp\/v2\/tags?post=91163"}],"curies":[{"name":"wp","href":"https:\/\/api.w.org\/{rel}","templated":true}]}}