{"id":91175,"date":"2019-04-11T17:46:27","date_gmt":"2019-04-11T20:46:27","guid":{"rendered":"http:\/\/www.caririemacao.com\/1\/?p=91175"},"modified":"2019-04-11T17:46:27","modified_gmt":"2019-04-11T20:46:27","slug":"camara-de-sume-realiza-sessao-e-aprova-projetos-de-lei-e-requerimentos","status":"publish","type":"post","link":"https:\/\/www.caririemacao.com\/1\/2019\/04\/11\/camara-de-sume-realiza-sessao-e-aprova-projetos-de-lei-e-requerimentos\/","title":{"rendered":"C\u00e2mara de Sum\u00e9 realiza sess\u00e3o e aprova projetos de lei e requerimentos"},"content":{"rendered":"\n<p>A C\u00e2mara de Sum\u00e9 realizou na noite desta \u00faltima ter\u00e7a-feira\n(09), reuni\u00e3o ordin\u00e1ria onde foram aprovados projetos de lei de iniciativa do\nPoder Executivo e Legislativo; Tamb\u00e9m foram aprovados requerimentos dos\nparlamentares.<\/p>\n\n\n\n<figure class=\"wp-block-image\"><img fetchpriority=\"high\" decoding=\"async\" width=\"1024\" height=\"678\" src=\"http:\/\/www.caririemacao.com\/1\/wp-content\/uploads\/2019\/04\/DSC_0018-1024x678.jpg\" alt=\"\" class=\"wp-image-91183\" srcset=\"https:\/\/www.caririemacao.com\/1\/wp-content\/uploads\/2019\/04\/DSC_0018-1024x678.jpg 1024w, https:\/\/www.caririemacao.com\/1\/wp-content\/uploads\/2019\/04\/DSC_0018-300x199.jpg 300w, https:\/\/www.caririemacao.com\/1\/wp-content\/uploads\/2019\/04\/DSC_0018-768x509.jpg 768w\" sizes=\"(max-width: 1024px) 100vw, 1024px\" \/><\/figure>\n\n\n\n<p>Durante a reuni\u00e3o presidida\npelo vereador Le\u00f4nidas Albino Pedrosa (Bomba), os vereadores analisaram e\naprovaram quatro projetos de lei, iniciando pelo que altera o nome da Antiga VL\n06 no Loteamento Morada Nobre I, Bairro Mandacaru, para, Rua Luiz Quintans de\nMacedo.<\/p>\n\n\n\n<figure class=\"wp-block-image\"><img decoding=\"async\" width=\"1024\" height=\"678\" data-src=\"http:\/\/www.caririemacao.com\/1\/wp-content\/uploads\/2019\/04\/DSC_0006-1024x678.jpg\" alt=\"\" class=\"wp-image-91177 lazyload\" data-srcset=\"https:\/\/www.caririemacao.com\/1\/wp-content\/uploads\/2019\/04\/DSC_0006-1024x678.jpg 1024w, https:\/\/www.caririemacao.com\/1\/wp-content\/uploads\/2019\/04\/DSC_0006-300x199.jpg 300w, https:\/\/www.caririemacao.com\/1\/wp-content\/uploads\/2019\/04\/DSC_0006-768x509.jpg 768w\" data-sizes=\"(max-width: 1024px) 100vw, 1024px\" src=\"data:image\/svg+xml;base64,PHN2ZyB3aWR0aD0iMSIgaGVpZ2h0PSIxIiB4bWxucz0iaHR0cDovL3d3dy53My5vcmcvMjAwMC9zdmciPjwvc3ZnPg==\" style=\"--smush-placeholder-width: 1024px; --smush-placeholder-aspect-ratio: 1024\/678;\" \/><\/figure>\n\n\n\n<p>O segundo\nPL, trata sobre a proibi\u00e7\u00e3o da cobran\u00e7a de taxa de\nliga\u00e7\u00e3o, no munic\u00edpio de Sum\u00e9, pela empresa de distribui\u00e7\u00e3o e abastecimento de\n\u00e1gua e saneamento (CAGEPA). De acordo com o autor do projeto de lei n\u00ba 493\/\n2019, vereador Bon\u00edlson Tim\u00f3teo, a fiscaliza\u00e7\u00e3o ficar\u00e1 a cargo do Procon.<\/p>\n\n\n\n<figure class=\"wp-block-image\"><img decoding=\"async\" width=\"1024\" height=\"678\" data-src=\"http:\/\/www.caririemacao.com\/1\/wp-content\/uploads\/2019\/04\/DSC_0008-1-1024x678.jpg\" alt=\"\" class=\"wp-image-91178 lazyload\" data-srcset=\"https:\/\/www.caririemacao.com\/1\/wp-content\/uploads\/2019\/04\/DSC_0008-1-1024x678.jpg 1024w, https:\/\/www.caririemacao.com\/1\/wp-content\/uploads\/2019\/04\/DSC_0008-1-300x199.jpg 300w, https:\/\/www.caririemacao.com\/1\/wp-content\/uploads\/2019\/04\/DSC_0008-1-768x509.jpg 768w\" data-sizes=\"(max-width: 1024px) 100vw, 1024px\" src=\"data:image\/svg+xml;base64,PHN2ZyB3aWR0aD0iMSIgaGVpZ2h0PSIxIiB4bWxucz0iaHR0cDovL3d3dy53My5vcmcvMjAwMC9zdmciPjwvc3ZnPg==\" style=\"--smush-placeholder-width: 1024px; --smush-placeholder-aspect-ratio: 1024\/678;\" \/><\/figure>\n\n\n\n<p>O\nterceiro PL, de autoria da vereadora Br\u00edgida Barbosa Xavier, altera o\nnome da Antiga VL 10 no Loteamento Morada Nobre I, Bairro Mandacaru para Rua\nMinervina Maria da Concei\u00e7\u00e3o.<\/p>\n\n\n\n<figure class=\"wp-block-image\"><img decoding=\"async\" width=\"1024\" height=\"678\" data-src=\"http:\/\/www.caririemacao.com\/1\/wp-content\/uploads\/2019\/04\/DSC_0003-1024x678.jpg\" alt=\"\" class=\"wp-image-91179 lazyload\" data-srcset=\"https:\/\/www.caririemacao.com\/1\/wp-content\/uploads\/2019\/04\/DSC_0003-1024x678.jpg 1024w, https:\/\/www.caririemacao.com\/1\/wp-content\/uploads\/2019\/04\/DSC_0003-300x199.jpg 300w, https:\/\/www.caririemacao.com\/1\/wp-content\/uploads\/2019\/04\/DSC_0003-768x509.jpg 768w\" data-sizes=\"(max-width: 1024px) 100vw, 1024px\" src=\"data:image\/svg+xml;base64,PHN2ZyB3aWR0aD0iMSIgaGVpZ2h0PSIxIiB4bWxucz0iaHR0cDovL3d3dy53My5vcmcvMjAwMC9zdmciPjwvc3ZnPg==\" style=\"--smush-placeholder-width: 1024px; --smush-placeholder-aspect-ratio: 1024\/678;\" \/><\/figure>\n\n\n\n<p>Ainda nesse Pleito, foram apresentados\nos requerimentos do vereador Jo\u00e3o Vanilson da Silva Brito (Nilson das seis\ncasas), que pede a concess\u00e3o de Voto de Aplauso a funcion\u00e1ria p\u00fablica M\u00e9rcia\nMarques, pelo excelente atendimento ao p\u00fablico na Secretaria de Sa\u00fade do nosso\nmunic\u00edpio. <\/p>\n\n\n\n<figure class=\"wp-block-image\"><img decoding=\"async\" width=\"1024\" height=\"678\" data-src=\"http:\/\/www.caririemacao.com\/1\/wp-content\/uploads\/2019\/04\/DSC_0012-1024x678.jpg\" alt=\"\" class=\"wp-image-91180 lazyload\" data-srcset=\"https:\/\/www.caririemacao.com\/1\/wp-content\/uploads\/2019\/04\/DSC_0012-1024x678.jpg 1024w, https:\/\/www.caririemacao.com\/1\/wp-content\/uploads\/2019\/04\/DSC_0012-300x199.jpg 300w, https:\/\/www.caririemacao.com\/1\/wp-content\/uploads\/2019\/04\/DSC_0012-768x509.jpg 768w\" data-sizes=\"(max-width: 1024px) 100vw, 1024px\" src=\"data:image\/svg+xml;base64,PHN2ZyB3aWR0aD0iMSIgaGVpZ2h0PSIxIiB4bWxucz0iaHR0cDovL3d3dy53My5vcmcvMjAwMC9zdmciPjwvc3ZnPg==\" style=\"--smush-placeholder-width: 1024px; --smush-placeholder-aspect-ratio: 1024\/678;\" \/><\/figure>\n\n\n\n<p>O presidente e vereador Le\u00f4nidas Albino Pedrosa requereu a pavimenta\u00e7\u00e3o para a Rua Francisco Travassos, no Alto da Caixa D\u2019\u00e1gua. <\/p>\n\n\n\n<figure class=\"wp-block-image\"><img decoding=\"async\" width=\"1024\" height=\"678\" data-src=\"http:\/\/www.caririemacao.com\/1\/wp-content\/uploads\/2019\/04\/DSC_0021-1024x678.jpg\" alt=\"\" class=\"wp-image-91181 lazyload\" data-srcset=\"https:\/\/www.caririemacao.com\/1\/wp-content\/uploads\/2019\/04\/DSC_0021-1024x678.jpg 1024w, https:\/\/www.caririemacao.com\/1\/wp-content\/uploads\/2019\/04\/DSC_0021-300x199.jpg 300w, https:\/\/www.caririemacao.com\/1\/wp-content\/uploads\/2019\/04\/DSC_0021-768x509.jpg 768w\" data-sizes=\"(max-width: 1024px) 100vw, 1024px\" src=\"data:image\/svg+xml;base64,PHN2ZyB3aWR0aD0iMSIgaGVpZ2h0PSIxIiB4bWxucz0iaHR0cDovL3d3dy53My5vcmcvMjAwMC9zdmciPjwvc3ZnPg==\" style=\"--smush-placeholder-width: 1024px; --smush-placeholder-aspect-ratio: 1024\/678;\" \/><\/figure>\n\n\n\n<p>O Ver. Juan Victor Gomes de\nS\u00e1 Pires Pereira pediu a limpeza do campo de areia e das cal\u00e7adas do Conjunto\nHabitacional Sebasti\u00e3o Vitorino. Ele ainda solicitou ao Secret\u00e1rio de Obras e\nServi\u00e7os Urbanos o patrolamento e a coloca\u00e7\u00e3o de material (cascalho) nas ruas\nque n\u00e3o possuem cal\u00e7amento no Conjunto Habitacional\nSebasti\u00e3o Vitorino. <\/p>\n\n\n\n<p>Juan tamb\u00e9m apresentou Voto\nde Pesar a Fam\u00edlia do senhor Jos\u00e9 Elinaldo Alves de Queiroz (Lambu), assim,\ncomo para os familiares do senhor Cip\u00f3. Ainda nessa reuni\u00e3o, o ver. Juan pediu a\npavimenta\u00e7\u00e3o da Rua Santo Dumont, localizada no Bairro Carro Quebrado, da pavimenta\u00e7\u00e3o para a\nRua Fausto Henrique de Mendon\u00e7a, localizada no Bairro Mandacaru. <\/p>\n\n\n\n<figure class=\"wp-block-image\"><img decoding=\"async\" width=\"1024\" height=\"678\" data-src=\"http:\/\/www.caririemacao.com\/1\/wp-content\/uploads\/2019\/04\/DSC_0026-1024x678.jpg\" alt=\"\" class=\"wp-image-91182 lazyload\" data-srcset=\"https:\/\/www.caririemacao.com\/1\/wp-content\/uploads\/2019\/04\/DSC_0026-1024x678.jpg 1024w, https:\/\/www.caririemacao.com\/1\/wp-content\/uploads\/2019\/04\/DSC_0026-300x199.jpg 300w, https:\/\/www.caririemacao.com\/1\/wp-content\/uploads\/2019\/04\/DSC_0026-768x509.jpg 768w\" data-sizes=\"(max-width: 1024px) 100vw, 1024px\" src=\"data:image\/svg+xml;base64,PHN2ZyB3aWR0aD0iMSIgaGVpZ2h0PSIxIiB4bWxucz0iaHR0cDovL3d3dy53My5vcmcvMjAwMC9zdmciPjwvc3ZnPg==\" style=\"--smush-placeholder-width: 1024px; --smush-placeholder-aspect-ratio: 1024\/678;\" \/><\/figure>\n\n\n\n<p>O parlamentar tamb\u00e9m solicitou a constru\u00e7\u00e3o\nde uma pra\u00e7a, com brinquedos, para o Bairro Alto Alegre, localizada por traz da\nVila Z\u00e9 D\u00e1rio.<\/p>\n\n\n\n<p>E por \u00faltimo, Juan pediu que\nfosse encaminhado ao Chefe do Executivo o requerimento para que seja feita a\nlimpeza de todas as ruas do Bairro Alto Alegre, que n\u00e3o tem cal\u00e7amento.<\/p>\n","protected":false},"excerpt":{"rendered":"<p>A C\u00e2mara de Sum\u00e9 realizou na noite desta \u00faltima ter\u00e7a-feira (09), reuni\u00e3o ordin\u00e1ria onde foram aprovados projetos de lei de iniciativa do Poder Executivo e&hellip; <\/p>\n","protected":false},"author":2,"featured_media":91185,"comment_status":"closed","ping_status":"closed","sticky":false,"template":"","format":"standard","meta":{"sfsi_plus_gutenberg_text_before_share":"","sfsi_plus_gutenberg_show_text_before_share":"","sfsi_plus_gutenberg_icon_type":"","sfsi_plus_gutenberg_icon_alignemt":"","sfsi_plus_gutenburg_max_per_row":"","footnotes":""},"categories":[50,11],"tags":[],"class_list":["post-91175","post","type-post","status-publish","format-standard","has-post-thumbnail","hentry","category-destaque","category-politica"],"_links":{"self":[{"href":"https:\/\/www.caririemacao.com\/1\/wp-json\/wp\/v2\/posts\/91175","targetHints":{"allow":["GET"]}}],"collection":[{"href":"https:\/\/www.caririemacao.com\/1\/wp-json\/wp\/v2\/posts"}],"about":[{"href":"https:\/\/www.caririemacao.com\/1\/wp-json\/wp\/v2\/types\/post"}],"author":[{"embeddable":true,"href":"https:\/\/www.caririemacao.com\/1\/wp-json\/wp\/v2\/users\/2"}],"replies":[{"embeddable":true,"href":"https:\/\/www.caririemacao.com\/1\/wp-json\/wp\/v2\/comments?post=91175"}],"version-history":[{"count":2,"href":"https:\/\/www.caririemacao.com\/1\/wp-json\/wp\/v2\/posts\/91175\/revisions"}],"predecessor-version":[{"id":91186,"href":"https:\/\/www.caririemacao.com\/1\/wp-json\/wp\/v2\/posts\/91175\/revisions\/91186"}],"wp:featuredmedia":[{"embeddable":true,"href":"https:\/\/www.caririemacao.com\/1\/wp-json\/wp\/v2\/media\/91185"}],"wp:attachment":[{"href":"https:\/\/www.caririemacao.com\/1\/wp-json\/wp\/v2\/media?parent=91175"}],"wp:term":[{"taxonomy":"category","embeddable":true,"href":"https:\/\/www.caririemacao.com\/1\/wp-json\/wp\/v2\/categories?post=91175"},{"taxonomy":"post_tag","embeddable":true,"href":"https:\/\/www.caririemacao.com\/1\/wp-json\/wp\/v2\/tags?post=91175"}],"curies":[{"name":"wp","href":"https:\/\/api.w.org\/{rel}","templated":true}]}}