{"id":91192,"date":"2019-04-11T22:25:20","date_gmt":"2019-04-12T01:25:20","guid":{"rendered":"http:\/\/www.caririemacao.com\/1\/?p=91192"},"modified":"2019-04-11T22:25:20","modified_gmt":"2019-04-12T01:25:20","slug":"prefeito-de-sume-explica-situacao-do-matadouro","status":"publish","type":"post","link":"https:\/\/www.caririemacao.com\/1\/2019\/04\/11\/prefeito-de-sume-explica-situacao-do-matadouro\/","title":{"rendered":"Prefeito de Sum\u00e9 explica situa\u00e7\u00e3o do matadouro"},"content":{"rendered":"\n<p>O prefeito de Sum\u00e9, Eden Duarte, explicou a situa\u00e7\u00e3o do matadouro p\u00fablico que foi alvo de uma a\u00e7\u00e3o p\u00fablica do Minist\u00e9rio P\u00fablico da Para\u00edba pedindo o fechamento do local, que segundo o MPPB, est\u00e1 funcionando em condi\u00e7\u00f5es irregulares.<\/p>\n\n\n\n<p>Eden justificou que o pr\u00e9dio que hoje est\u00e1 funcionando o matadouro n\u00e3o pertence mais a prefeitura e houve uma permuta desse pr\u00e9dio com um particular na gest\u00e3o do ex-prefeito Dr. Neto Duarte. O prefeito afirmou ainda que existe uma a\u00e7\u00e3o tramitando na justi\u00e7a para desfazer a permuta.<\/p>\n\n\n\n<p>\u201cComo vamos fazer investimentos elevados em um pr\u00e9dio que n\u00e3o pertence ao Munic\u00edpio? Fizemos esse questionamento ao promotor e dissemos que s\u00f3 poder\u00edamos tomar uma medida de reformar o matadouro ou desloc\u00e1-lo se a a\u00e7\u00e3o fosse julgada. Por essa raz\u00e3o n\u00e3o assinamos um termo de ajustamento de conduta\u201d, disse Eden.<\/p>\n\n\n\n<p><strong>Blog do Bruno Lira<\/strong><\/p>\n","protected":false},"excerpt":{"rendered":"<p>O prefeito de Sum\u00e9, Eden Duarte, explicou a situa\u00e7\u00e3o do matadouro p\u00fablico que foi alvo de uma a\u00e7\u00e3o p\u00fablica do Minist\u00e9rio P\u00fablico da Para\u00edba pedindo&hellip; <\/p>\n","protected":false},"author":1,"featured_media":91193,"comment_status":"closed","ping_status":"closed","sticky":false,"template":"","format":"standard","meta":{"sfsi_plus_gutenberg_text_before_share":"","sfsi_plus_gutenberg_show_text_before_share":"","sfsi_plus_gutenberg_icon_type":"","sfsi_plus_gutenberg_icon_alignemt":"","sfsi_plus_gutenburg_max_per_row":"","footnotes":""},"categories":[6],"tags":[],"class_list":["post-91192","post","type-post","status-publish","format-standard","has-post-thumbnail","hentry","category-cidades"],"_links":{"self":[{"href":"https:\/\/www.caririemacao.com\/1\/wp-json\/wp\/v2\/posts\/91192","targetHints":{"allow":["GET"]}}],"collection":[{"href":"https:\/\/www.caririemacao.com\/1\/wp-json\/wp\/v2\/posts"}],"about":[{"href":"https:\/\/www.caririemacao.com\/1\/wp-json\/wp\/v2\/types\/post"}],"author":[{"embeddable":true,"href":"https:\/\/www.caririemacao.com\/1\/wp-json\/wp\/v2\/users\/1"}],"replies":[{"embeddable":true,"href":"https:\/\/www.caririemacao.com\/1\/wp-json\/wp\/v2\/comments?post=91192"}],"version-history":[{"count":1,"href":"https:\/\/www.caririemacao.com\/1\/wp-json\/wp\/v2\/posts\/91192\/revisions"}],"predecessor-version":[{"id":91194,"href":"https:\/\/www.caririemacao.com\/1\/wp-json\/wp\/v2\/posts\/91192\/revisions\/91194"}],"wp:featuredmedia":[{"embeddable":true,"href":"https:\/\/www.caririemacao.com\/1\/wp-json\/wp\/v2\/media\/91193"}],"wp:attachment":[{"href":"https:\/\/www.caririemacao.com\/1\/wp-json\/wp\/v2\/media?parent=91192"}],"wp:term":[{"taxonomy":"category","embeddable":true,"href":"https:\/\/www.caririemacao.com\/1\/wp-json\/wp\/v2\/categories?post=91192"},{"taxonomy":"post_tag","embeddable":true,"href":"https:\/\/www.caririemacao.com\/1\/wp-json\/wp\/v2\/tags?post=91192"}],"curies":[{"name":"wp","href":"https:\/\/api.w.org\/{rel}","templated":true}]}}