{"id":91197,"date":"2019-04-12T07:41:03","date_gmt":"2019-04-12T10:41:03","guid":{"rendered":"http:\/\/www.caririemacao.com\/1\/?p=91197"},"modified":"2019-04-12T07:41:03","modified_gmt":"2019-04-12T10:41:03","slug":"prefeitura-de-sume-realizara-leilao-de-bens-inserviveis-dia-26-de-abril","status":"publish","type":"post","link":"https:\/\/www.caririemacao.com\/1\/2019\/04\/12\/prefeitura-de-sume-realizara-leilao-de-bens-inserviveis-dia-26-de-abril\/","title":{"rendered":"Prefeitura de Sum\u00e9 realizar\u00e1 leil\u00e3o de bens inserv\u00edveis dia 26 de abril"},"content":{"rendered":"\n<p><a>A Prefeitura de Sum\u00e9, atrav\u00e9s de seu Leiloeiro Oficial, realizar\u00e1 no pr\u00f3ximo dia&nbsp;<\/a>26 de abril, \u00e0s 10h, na Secretaria de Obras do munic\u00edpio, um leil\u00e3o para alienar bens e materiais diversos, declarados inserv\u00edveis para a administra\u00e7\u00e3o p\u00fablica. O leil\u00e3o ser\u00e1 na modalidade de maior lance.<\/p>\n\n\n\n<p>Os bens que v\u00e3o a leil\u00e3o s\u00e3o: um ve\u00edculo Dobl\u00f4 2009 com capacidade para sete lugares, uma estrada 2002 e materiais diversos como: cadeiras, bir\u00f4s, computadores e uma estrutura de antena de internet sem fio.<\/p>\n\n\n\n<p>Mais informa\u00e7\u00f5es no link:&nbsp;<a href=\"http:\/\/arremateleiloes.com.br\/leilao\/75\/prefeitura-sume\">http:\/\/arremateleiloes.com.br\/leilao\/75\/prefeitura-sume<\/a><\/p>\n\n\n\n<p><em>Com Ascom PMS<\/em><\/p>\n","protected":false},"excerpt":{"rendered":"<p>A Prefeitura de Sum\u00e9, atrav\u00e9s de seu Leiloeiro Oficial, realizar\u00e1 no pr\u00f3ximo dia&nbsp;26 de abril, \u00e0s 10h, na Secretaria de Obras do munic\u00edpio, um leil\u00e3o&hellip; <\/p>\n","protected":false},"author":1,"featured_media":47455,"comment_status":"closed","ping_status":"closed","sticky":false,"template":"","format":"standard","meta":{"sfsi_plus_gutenberg_text_before_share":"","sfsi_plus_gutenberg_show_text_before_share":"","sfsi_plus_gutenberg_icon_type":"","sfsi_plus_gutenberg_icon_alignemt":"","sfsi_plus_gutenburg_max_per_row":"","footnotes":""},"categories":[50,2],"tags":[],"class_list":["post-91197","post","type-post","status-publish","format-standard","has-post-thumbnail","hentry","category-destaque","category-geral"],"_links":{"self":[{"href":"https:\/\/www.caririemacao.com\/1\/wp-json\/wp\/v2\/posts\/91197","targetHints":{"allow":["GET"]}}],"collection":[{"href":"https:\/\/www.caririemacao.com\/1\/wp-json\/wp\/v2\/posts"}],"about":[{"href":"https:\/\/www.caririemacao.com\/1\/wp-json\/wp\/v2\/types\/post"}],"author":[{"embeddable":true,"href":"https:\/\/www.caririemacao.com\/1\/wp-json\/wp\/v2\/users\/1"}],"replies":[{"embeddable":true,"href":"https:\/\/www.caririemacao.com\/1\/wp-json\/wp\/v2\/comments?post=91197"}],"version-history":[{"count":1,"href":"https:\/\/www.caririemacao.com\/1\/wp-json\/wp\/v2\/posts\/91197\/revisions"}],"predecessor-version":[{"id":91199,"href":"https:\/\/www.caririemacao.com\/1\/wp-json\/wp\/v2\/posts\/91197\/revisions\/91199"}],"wp:featuredmedia":[{"embeddable":true,"href":"https:\/\/www.caririemacao.com\/1\/wp-json\/wp\/v2\/media\/47455"}],"wp:attachment":[{"href":"https:\/\/www.caririemacao.com\/1\/wp-json\/wp\/v2\/media?parent=91197"}],"wp:term":[{"taxonomy":"category","embeddable":true,"href":"https:\/\/www.caririemacao.com\/1\/wp-json\/wp\/v2\/categories?post=91197"},{"taxonomy":"post_tag","embeddable":true,"href":"https:\/\/www.caririemacao.com\/1\/wp-json\/wp\/v2\/tags?post=91197"}],"curies":[{"name":"wp","href":"https:\/\/api.w.org\/{rel}","templated":true}]}}