{"id":91202,"date":"2019-04-12T07:43:31","date_gmt":"2019-04-12T10:43:31","guid":{"rendered":"http:\/\/www.caririemacao.com\/1\/?p=91202"},"modified":"2019-04-12T07:43:31","modified_gmt":"2019-04-12T10:43:31","slug":"apos-matar-e-enterrar-namorada-no-cariri-jovem-desenterrou-corpo-pra-queimar-diz-testemunha","status":"publish","type":"post","link":"https:\/\/www.caririemacao.com\/1\/2019\/04\/12\/apos-matar-e-enterrar-namorada-no-cariri-jovem-desenterrou-corpo-pra-queimar-diz-testemunha\/","title":{"rendered":"Ap\u00f3s matar e enterrar namorada no Cariri, jovem desenterrou corpo pra queimar, diz testemunha"},"content":{"rendered":"\n<p>O depoimento de um adolescente est\u00e1 ajudando a Pol\u00edcia Civil a elucidar o caso da morte de Ana Katarina, de 17 anos, da cidade de Soledade, no Cariri paraibano.&nbsp;O namorado dela, Alisson Bruno, de 21 anos, foi preso como principal suspeito do crime. O depoimento prestado pela testemunha nesta quinta-feira (11) tem detalhes de como Alisson agiu e como fez para ocultar o corpo da v\u00edtima. O namorado tamb\u00e9m planejou incriminar outra pessoa pela morte.<\/p>\n\n\n\n<p>Ana Katarina havia desaparecido no dia 3 de junho de 2018. Ap\u00f3s 10 meses de investiga\u00e7\u00e3o a Pol\u00edcia Civil conseguiu chegar a autoria do crime. Antes de ser preso, Alisson j\u00e1 vinha sendo investigado. Ele negava saber o que tinha acontecido com a namorada, mas moradores de Soledade disseram que haviam visto a adolescente pela \u00faltima vez com ele em uma moto.<\/p>\n\n\n\n<p><strong>O PLANO<\/strong><\/p>\n\n\n\n<p>A testemunha disse que foi procurada por Alisson Bruno, uma semana ap\u00f3s o crime, quando ele contou o que havia feito e pediu ajuda do amigo. No depoimento, a testemunha contou que o plano de Alisson era desenterrar o corpo da namorada que estava em Soledade, queimar e depois enterrar novamente, mas na cidade de Boa Vista.<\/p>\n\n\n\n<p>Ainda segundo a testemunha, Alisson tinha um plano para tentar incriminar outra pessoa pela morte de Ana Katarina.<\/p>\n\n\n\n<p>\u201cAlisson disse o seguinte: Vamos carbonizar ela (Ana Katarina) e depois levar pra Boa Vista-PB e acusar \u201cJhony\u201d, pois depois compraremos um celular e um chip e ir(remos) pra Campina (Grande) fazer liga\u00e7\u00e3o pra Pol\u00edcia acusando Jhony e dizendo o local onde estaria a ossada dela\u201d, disse a testemunha em depoimento.<\/p>\n\n\n\n<p>Segundo a Pol\u00edcia Civil, \u201cJhony\u201d \u2013 a quem Alisson pretendia incriminar \u2013 seria um antigo paquera de Ana Katarina. Ainda segundo a Pol\u00edcia Civil, quando Ana Katarina tinha desaparecido, Alisson j\u00e1 havia dito em depoimento que ela fugiu da cidade pra ir atr\u00e1s de \u201cJhony\u201d e morar com ele. Ele tentou sustentar a vers\u00e3o depois de ser preso.<\/p>\n\n\n\n<p><strong>A MORTE<\/strong><\/p>\n\n\n\n<p>Segundo a Pol\u00edcia Civil, o depoimento foi prestado por um amigo de Alisson Bruno, a quem ele confidenciou o crime e pediu ajuda para ocultar o corpo ap\u00f3s matar Ana Katarina. De acordo com o depoimento, Alisson matou a namorada com tiros de espingarda de cano duplo, fabricada de forma caseira. O crime ocorreu no dia 3 de junho de 2018, mesmo dia em que a fam\u00edlia percebeu o desaparecimento da garota.<\/p>\n\n\n\n<div class=\"wp-block-image\"><figure class=\"alignright\"><img decoding=\"async\" data-src=\"http:\/\/deolhonocariri.com.br\/wp-content\/uploads\/2019\/04\/alisson-bruno-600x376.jpg\" alt=\"\" class=\"wp-image-65517 lazyload\" src=\"data:image\/svg+xml;base64,PHN2ZyB3aWR0aD0iMSIgaGVpZ2h0PSIxIiB4bWxucz0iaHR0cDovL3d3dy53My5vcmcvMjAwMC9zdmciPjwvc3ZnPg==\" style=\"--smush-placeholder-width: 600px; --smush-placeholder-aspect-ratio: 600\/376;\" \/><\/figure><\/div>\n\n\n\n<p>A testemunha contou que depois de matar Ana Katarina, o namorado dela enterrou o corpo pr\u00f3ximo a um manancial conhecido como \u201cA\u00e7ude do Estado\u201d, ainda na cidade de Soledade. Para evitar que o corpo da namorada fosse encontrado, Alisson colocou fezes de animais por cima da cova.<\/p>\n\n\n\n<p>Nesta quinta-feira (11), a Pol\u00edcia Civil fez buscas nas proximidades do \u201cA\u00e7ude do Estado\u201d pra tentar encontrar o local onde o corpo de Ana Katarina foi enterrado pela primeira vez, antes de ser desenterrado e queimado. As buscas aconteceram at\u00e9 o fim da tarde, mas a cova n\u00e3o foi encontrada. As buscas devem continuar nesta sexta-feira (12).<\/p>\n\n\n\n<p>Tamb\u00e9m nesta quinta-feira (11) a Pol\u00edcia Civil conseguiu apreender uma lanterna e uma enxada que foram usadas pelo autor do crime, na hora de desenterrar o corpo, antes de carbonizar. Os materiais foram emprestados pela testemunha que deu detalhes do crime.<\/p>\n\n\n\n<p>Alisson Bruno foi preso no dia 3 de abril deste ano, na cidade de Soledade, por for\u00e7a de um mandado de pris\u00e3o tempor\u00e1ria. A Pol\u00edcia Civil j\u00e1 havia pedido a pris\u00e3o dele meses antes, mas o pedido havia sido negado pela justi\u00e7a, por falta de prova material.<\/p>\n\n\n\n<p>O mandado de pris\u00e3o foi expedido depois que a Pol\u00edcia Civil encontrou ind\u00edcios de que a ossada encontrada em Boa Vista poderia ser de Ana Katarina. A confirma\u00e7\u00e3o veio depois de um confronto de DNA feito com material gen\u00e9tico da m\u00e3e de Ana Katarina e da ossada.<\/p>\n\n\n\n<p><em>Com G1 PB<\/em><\/p>\n","protected":false},"excerpt":{"rendered":"<p>O depoimento de um adolescente est\u00e1 ajudando a Pol\u00edcia Civil a elucidar o caso da morte de Ana Katarina, de 17 anos, da cidade de&hellip; <\/p>\n","protected":false},"author":1,"featured_media":25307,"comment_status":"closed","ping_status":"closed","sticky":false,"template":"","format":"standard","meta":{"sfsi_plus_gutenberg_text_before_share":"","sfsi_plus_gutenberg_show_text_before_share":"","sfsi_plus_gutenberg_icon_type":"","sfsi_plus_gutenberg_icon_alignemt":"","sfsi_plus_gutenburg_max_per_row":"","footnotes":""},"categories":[50,12],"tags":[],"class_list":["post-91202","post","type-post","status-publish","format-standard","has-post-thumbnail","hentry","category-destaque","category-policia"],"_links":{"self":[{"href":"https:\/\/www.caririemacao.com\/1\/wp-json\/wp\/v2\/posts\/91202","targetHints":{"allow":["GET"]}}],"collection":[{"href":"https:\/\/www.caririemacao.com\/1\/wp-json\/wp\/v2\/posts"}],"about":[{"href":"https:\/\/www.caririemacao.com\/1\/wp-json\/wp\/v2\/types\/post"}],"author":[{"embeddable":true,"href":"https:\/\/www.caririemacao.com\/1\/wp-json\/wp\/v2\/users\/1"}],"replies":[{"embeddable":true,"href":"https:\/\/www.caririemacao.com\/1\/wp-json\/wp\/v2\/comments?post=91202"}],"version-history":[{"count":1,"href":"https:\/\/www.caririemacao.com\/1\/wp-json\/wp\/v2\/posts\/91202\/revisions"}],"predecessor-version":[{"id":91203,"href":"https:\/\/www.caririemacao.com\/1\/wp-json\/wp\/v2\/posts\/91202\/revisions\/91203"}],"wp:featuredmedia":[{"embeddable":true,"href":"https:\/\/www.caririemacao.com\/1\/wp-json\/wp\/v2\/media\/25307"}],"wp:attachment":[{"href":"https:\/\/www.caririemacao.com\/1\/wp-json\/wp\/v2\/media?parent=91202"}],"wp:term":[{"taxonomy":"category","embeddable":true,"href":"https:\/\/www.caririemacao.com\/1\/wp-json\/wp\/v2\/categories?post=91202"},{"taxonomy":"post_tag","embeddable":true,"href":"https:\/\/www.caririemacao.com\/1\/wp-json\/wp\/v2\/tags?post=91202"}],"curies":[{"name":"wp","href":"https:\/\/api.w.org\/{rel}","templated":true}]}}