{"id":91208,"date":"2019-04-12T07:46:37","date_gmt":"2019-04-12T10:46:37","guid":{"rendered":"http:\/\/www.caririemacao.com\/1\/?p=91208"},"modified":"2019-04-12T07:46:37","modified_gmt":"2019-04-12T10:46:37","slug":"tres-cordeirenses-do-scfv-sao-selecionadas-pela-uepb-para-fazer-curso-de-ballet-profissional","status":"publish","type":"post","link":"https:\/\/www.caririemacao.com\/1\/2019\/04\/12\/tres-cordeirenses-do-scfv-sao-selecionadas-pela-uepb-para-fazer-curso-de-ballet-profissional\/","title":{"rendered":"Tr\u00eas cordeirenses do SCFV s\u00e3o selecionadas pela UEPB para fazer curso de ballet profissional"},"content":{"rendered":"\n<p>O Servi\u00e7o de Conviv\u00eancia e Fortalecimento de V\u00ednculos de S\u00e3o Jos\u00e9 dos Cordeiros \u00e9 uma refer\u00eancia e atende permanentemente a cerca de 120 crian\u00e7as e jovens. Nele, s\u00e3o oferecidas atividade de lazer, esporte, cultura e educa\u00e7\u00e3o que contribuem com a forma\u00e7\u00e3o de nossos jovens. Os frutos dessas oficinas e atividades, por sua vez, j\u00e1 come\u00e7aram a surgir.<\/p>\n\n\n\n<p>A partir da oficina de Ballet do SCFV, tr\u00eas crian\u00e7as e adolescentes de S\u00e3o Jos\u00e9 dos Cordeiros foram selecionadas pela Pr\u00f3-Reitoria de Cultura (Procult) da UEPB\/Campus Campina Grande e participar\u00e3o do curso de Ballet Profissional ofertado pela Universidade. Ana Cl\u00e9cia Ara\u00fajo Figueredo Moura (8 anos); Izabel Alves de Alc\u00e2ntara (12 anos) e Vit\u00f3ria da Silva Gomes (20 anos) far\u00e3o o curso que tem dura\u00e7\u00e3o de 08 anos e se formar\u00e3o Bailarinas Profissionais, aptas a darem aulas como Of\u00edcio da Dan\u00e7a.<\/p>\n\n\n\n<p>\u201cEu me sinto realizado trabalhando na cidade de S\u00e3o Jos\u00e9 dos Cordeiros, por saber que a cultura se encontra muito forte nesse munic\u00edpio, principalmente no segmento da dan\u00e7a. Sugeri o bal\u00e9 cl\u00e1ssico que desde ent\u00e3o tem sido um sucesso. Isso me deixa extremamente feliz, por ver que um dia fui aluno, hoje professor que forma cidad\u00e3os da dan\u00e7a para o mundo\u201d, destacou o facilitador da oficina Victor Hugo Belmino.<\/p>\n\n\n\n<p>Para uma das alunas selecionadas, Ana Cl\u00e9cia Ara\u00fajo, o SCFV \u00e9 maravilhoso. \u201cFiz novas amizades, me sinto feliz. Quanto ao ballet achei maravilhoso ter passado no teste, pena que n\u00e3o deu pra minha m\u00e3e me matricular e me levar para o Curso. Mas ficou um aprendizado por gostar muito do ballet\u201d.<\/p>\n\n\n\n<p>Dona Ivan\u00eas Alves, m\u00e3e de Izabel Alc\u00e2ntara, destacou que o SCFV foi uma experi\u00eancia incr\u00edvel para sua filha, pois o sonho dela \u00e9 ser bailarina. \u201cEla ficou muito empolgada quando soube desse teste da UEPB e ficou muito feliz por ter passado na sele\u00e7\u00e3o.\u201d<\/p>\n\n\n\n<p>Para M\u00f4nica Alc\u00e2ntara, coordenadora do Servi\u00e7o de Conviv\u00eancia e Fortalecimento de V\u00ednculos, a gest\u00e3o da Assist\u00eancia Social de S\u00e3o Jos\u00e9 dos Cordeiros est\u00e1 muito feliz e satisfeita com os resultados que tem alcan\u00e7ado a partir do trabalho social desenvolvido nos programas e servi\u00e7os da pasta. \u201cVer que sementes que plantamos nesse terreno f\u00e9rtil est\u00e1 germinando e se tornar\u00e1 um grande e bonito jardim \u00e9 indescrit\u00edvel. O apoio da gest\u00e3o municipal, na pessoa de Jefferson Nascimento, e de suas secretarias tem sido essencial para a continuidade desse trabalho.<\/p>\n\n\n\n<p>Apenas neste ano de 2019, a Prefeitura de S\u00e3o Jos\u00e9 dos Cordeiros, atrav\u00e9s da Secretaria de Assist\u00eancia Social, realizou melhorias na estrutura das salas das Oficinas, com forros e climatiza\u00e7\u00e3o do ambiente e inovou oferecendo o Ballet Baby, direcionado para crian\u00e7as de 03 a 06 anos, uma vez por semana.<\/p>\n\n\n\n<p>O secret\u00e1rio de Assist\u00eancia Social, S\u00e9rgio Sousa, refor\u00e7ou os investimentos e a prioridade que o prefeito Jefferson Roberto pede para as pessoas de S\u00e3o Jos\u00e9 dos Cordeiros e disse que a gest\u00e3o d utiliza das Oficinas de arte e cultura para passar ensino de valores para os usu\u00e1rios que frequentam os Servi\u00e7os.<\/p>\n","protected":false},"excerpt":{"rendered":"<p>O Servi\u00e7o de Conviv\u00eancia e Fortalecimento de V\u00ednculos de S\u00e3o Jos\u00e9 dos Cordeiros \u00e9 uma refer\u00eancia e atende permanentemente a cerca de 120 crian\u00e7as e&hellip; <\/p>\n","protected":false},"author":1,"featured_media":91209,"comment_status":"closed","ping_status":"closed","sticky":false,"template":"","format":"standard","meta":{"sfsi_plus_gutenberg_text_before_share":"","sfsi_plus_gutenberg_show_text_before_share":"","sfsi_plus_gutenberg_icon_type":"","sfsi_plus_gutenberg_icon_alignemt":"","sfsi_plus_gutenburg_max_per_row":"","footnotes":""},"categories":[6,50],"tags":[],"class_list":["post-91208","post","type-post","status-publish","format-standard","has-post-thumbnail","hentry","category-cidades","category-destaque"],"_links":{"self":[{"href":"https:\/\/www.caririemacao.com\/1\/wp-json\/wp\/v2\/posts\/91208","targetHints":{"allow":["GET"]}}],"collection":[{"href":"https:\/\/www.caririemacao.com\/1\/wp-json\/wp\/v2\/posts"}],"about":[{"href":"https:\/\/www.caririemacao.com\/1\/wp-json\/wp\/v2\/types\/post"}],"author":[{"embeddable":true,"href":"https:\/\/www.caririemacao.com\/1\/wp-json\/wp\/v2\/users\/1"}],"replies":[{"embeddable":true,"href":"https:\/\/www.caririemacao.com\/1\/wp-json\/wp\/v2\/comments?post=91208"}],"version-history":[{"count":1,"href":"https:\/\/www.caririemacao.com\/1\/wp-json\/wp\/v2\/posts\/91208\/revisions"}],"predecessor-version":[{"id":91210,"href":"https:\/\/www.caririemacao.com\/1\/wp-json\/wp\/v2\/posts\/91208\/revisions\/91210"}],"wp:featuredmedia":[{"embeddable":true,"href":"https:\/\/www.caririemacao.com\/1\/wp-json\/wp\/v2\/media\/91209"}],"wp:attachment":[{"href":"https:\/\/www.caririemacao.com\/1\/wp-json\/wp\/v2\/media?parent=91208"}],"wp:term":[{"taxonomy":"category","embeddable":true,"href":"https:\/\/www.caririemacao.com\/1\/wp-json\/wp\/v2\/categories?post=91208"},{"taxonomy":"post_tag","embeddable":true,"href":"https:\/\/www.caririemacao.com\/1\/wp-json\/wp\/v2\/tags?post=91208"}],"curies":[{"name":"wp","href":"https:\/\/api.w.org\/{rel}","templated":true}]}}