{"id":91216,"date":"2019-04-12T11:34:40","date_gmt":"2019-04-12T14:34:40","guid":{"rendered":"http:\/\/www.caririemacao.com\/1\/?p=91216"},"modified":"2019-04-12T11:34:40","modified_gmt":"2019-04-12T14:34:40","slug":"prefeitura-de-sousa-divulga-cronograma-com-as-datas-da-realizacao-do-concurso-com-249-vagas","status":"publish","type":"post","link":"https:\/\/www.caririemacao.com\/1\/2019\/04\/12\/prefeitura-de-sousa-divulga-cronograma-com-as-datas-da-realizacao-do-concurso-com-249-vagas\/","title":{"rendered":"Prefeitura de Sousa divulga cronograma com as datas da realiza\u00e7\u00e3o do concurso com 249 vagas"},"content":{"rendered":"\n<p>A Prefeitura Municipal de Sousa divulgou nesta sexta-feira (12) o cronograma com as datas da realiza\u00e7\u00e3o do concurso p\u00fablico com 249 vagas.&nbsp;O concurso oferecer\u00e1 sal\u00e1rios que variam entre R$ 998 \u00e0 R$ 3,5 mil.&nbsp;<\/p>\n\n\n\n<p>De acordo com o prefeito F\u00e1bio Tyrone o edital para contrata\u00e7\u00e3o da empresa respons\u00e1vel pelo certame, ser\u00e1 publicado neste s\u00e1bado (13). J\u00e1 no dia&nbsp;10 de junho ser\u00e1 aberta as inscri\u00e7\u00f5es e a realiza\u00e7\u00e3o das provas acontecer\u00e1&nbsp;no dia 28 de julho.<\/p>\n\n\n\n<p>Os cargos oferecidos para n\u00edveis fundamental, m\u00e9dio e superior, ser\u00e3o para&nbsp;agente comunit\u00e1rio de sa\u00fade, enfermeiro, t\u00e9cnico em enfermagem, t\u00e9cnico em radiologia, assistente social, m\u00e9dico, auxiliar de gest\u00e3o, motorista, entre outros.&nbsp;<\/p>\n","protected":false},"excerpt":{"rendered":"<p>A Prefeitura Municipal de Sousa divulgou nesta sexta-feira (12) o cronograma com as datas da realiza\u00e7\u00e3o do concurso p\u00fablico com 249 vagas.&nbsp;O concurso oferecer\u00e1 sal\u00e1rios&hellip; <\/p>\n","protected":false},"author":1,"featured_media":91217,"comment_status":"closed","ping_status":"closed","sticky":false,"template":"","format":"standard","meta":{"sfsi_plus_gutenberg_text_before_share":"","sfsi_plus_gutenberg_show_text_before_share":"","sfsi_plus_gutenberg_icon_type":"","sfsi_plus_gutenberg_icon_alignemt":"","sfsi_plus_gutenburg_max_per_row":"","footnotes":""},"categories":[2],"tags":[],"class_list":["post-91216","post","type-post","status-publish","format-standard","has-post-thumbnail","hentry","category-geral"],"_links":{"self":[{"href":"https:\/\/www.caririemacao.com\/1\/wp-json\/wp\/v2\/posts\/91216","targetHints":{"allow":["GET"]}}],"collection":[{"href":"https:\/\/www.caririemacao.com\/1\/wp-json\/wp\/v2\/posts"}],"about":[{"href":"https:\/\/www.caririemacao.com\/1\/wp-json\/wp\/v2\/types\/post"}],"author":[{"embeddable":true,"href":"https:\/\/www.caririemacao.com\/1\/wp-json\/wp\/v2\/users\/1"}],"replies":[{"embeddable":true,"href":"https:\/\/www.caririemacao.com\/1\/wp-json\/wp\/v2\/comments?post=91216"}],"version-history":[{"count":1,"href":"https:\/\/www.caririemacao.com\/1\/wp-json\/wp\/v2\/posts\/91216\/revisions"}],"predecessor-version":[{"id":91218,"href":"https:\/\/www.caririemacao.com\/1\/wp-json\/wp\/v2\/posts\/91216\/revisions\/91218"}],"wp:featuredmedia":[{"embeddable":true,"href":"https:\/\/www.caririemacao.com\/1\/wp-json\/wp\/v2\/media\/91217"}],"wp:attachment":[{"href":"https:\/\/www.caririemacao.com\/1\/wp-json\/wp\/v2\/media?parent=91216"}],"wp:term":[{"taxonomy":"category","embeddable":true,"href":"https:\/\/www.caririemacao.com\/1\/wp-json\/wp\/v2\/categories?post=91216"},{"taxonomy":"post_tag","embeddable":true,"href":"https:\/\/www.caririemacao.com\/1\/wp-json\/wp\/v2\/tags?post=91216"}],"curies":[{"name":"wp","href":"https:\/\/api.w.org\/{rel}","templated":true}]}}