{"id":91222,"date":"2019-04-12T11:40:05","date_gmt":"2019-04-12T14:40:05","guid":{"rendered":"http:\/\/www.caririemacao.com\/1\/?p=91222"},"modified":"2019-04-12T11:40:05","modified_gmt":"2019-04-12T14:40:05","slug":"ministro-vem-a-paraiba-inaugurar-centro-de-dessalinizacao","status":"publish","type":"post","link":"https:\/\/www.caririemacao.com\/1\/2019\/04\/12\/ministro-vem-a-paraiba-inaugurar-centro-de-dessalinizacao\/","title":{"rendered":"Ministro vem \u00e0 Para\u00edba inaugurar Centro de Dessaliniza\u00e7\u00e3o"},"content":{"rendered":"\n<p>O ministro da&nbsp;Ci\u00eancia, Tecnologia, Inova\u00e7\u00f5es e Comunica\u00e7\u00f5es, Marcos Pontes,&nbsp;vem \u00e0 Para\u00edba neste s\u00e1bado (13), para inaugurar o Centro de Dessaliniza\u00e7\u00e3o na Universidade Federal de Campina Grande (UFCG).&nbsp;<\/p>\n\n\n\n<p>O&nbsp;Centro de Testes de Tecnologias de Dessaliniza\u00e7\u00e3o (CTTD) est\u00e1&nbsp;instalado no&nbsp; Laborat\u00f3rio de Refer\u00eancia em Dessaliniza\u00e7\u00e3o(Labdes) e funcionar\u00e1 em coopera\u00e7\u00e3o com o&nbsp;Instituto Nacional do Semi\u00e1rido (Insa), que \u00e9 uma&nbsp;das a\u00e7\u00f5es contida&nbsp;na &#8220;Agenda de 100 dias&#8221; do Governo Federal.<\/p>\n\n\n\n<p>A solenidade acontecer\u00e1 \u00e0s 14 horas e em seguida, \u00e0s 16h30, no Centro de Extens\u00e3o Jos\u00e9 Farias da N\u00f3brega da UFCG, o ministro proferir\u00e1 a palestra Ci\u00eancia e Tecnologia para o Desenvolvimento do Brasil.<\/p>\n","protected":false},"excerpt":{"rendered":"<p>O ministro da&nbsp;Ci\u00eancia, Tecnologia, Inova\u00e7\u00f5es e Comunica\u00e7\u00f5es, Marcos Pontes,&nbsp;vem \u00e0 Para\u00edba neste s\u00e1bado (13), para inaugurar o Centro de Dessaliniza\u00e7\u00e3o na Universidade Federal de Campina&hellip; <\/p>\n","protected":false},"author":1,"featured_media":91223,"comment_status":"closed","ping_status":"closed","sticky":false,"template":"","format":"standard","meta":{"sfsi_plus_gutenberg_text_before_share":"","sfsi_plus_gutenberg_show_text_before_share":"","sfsi_plus_gutenberg_icon_type":"","sfsi_plus_gutenberg_icon_alignemt":"","sfsi_plus_gutenburg_max_per_row":"","footnotes":""},"categories":[11],"tags":[],"class_list":["post-91222","post","type-post","status-publish","format-standard","has-post-thumbnail","hentry","category-politica"],"_links":{"self":[{"href":"https:\/\/www.caririemacao.com\/1\/wp-json\/wp\/v2\/posts\/91222","targetHints":{"allow":["GET"]}}],"collection":[{"href":"https:\/\/www.caririemacao.com\/1\/wp-json\/wp\/v2\/posts"}],"about":[{"href":"https:\/\/www.caririemacao.com\/1\/wp-json\/wp\/v2\/types\/post"}],"author":[{"embeddable":true,"href":"https:\/\/www.caririemacao.com\/1\/wp-json\/wp\/v2\/users\/1"}],"replies":[{"embeddable":true,"href":"https:\/\/www.caririemacao.com\/1\/wp-json\/wp\/v2\/comments?post=91222"}],"version-history":[{"count":1,"href":"https:\/\/www.caririemacao.com\/1\/wp-json\/wp\/v2\/posts\/91222\/revisions"}],"predecessor-version":[{"id":91224,"href":"https:\/\/www.caririemacao.com\/1\/wp-json\/wp\/v2\/posts\/91222\/revisions\/91224"}],"wp:featuredmedia":[{"embeddable":true,"href":"https:\/\/www.caririemacao.com\/1\/wp-json\/wp\/v2\/media\/91223"}],"wp:attachment":[{"href":"https:\/\/www.caririemacao.com\/1\/wp-json\/wp\/v2\/media?parent=91222"}],"wp:term":[{"taxonomy":"category","embeddable":true,"href":"https:\/\/www.caririemacao.com\/1\/wp-json\/wp\/v2\/categories?post=91222"},{"taxonomy":"post_tag","embeddable":true,"href":"https:\/\/www.caririemacao.com\/1\/wp-json\/wp\/v2\/tags?post=91222"}],"curies":[{"name":"wp","href":"https:\/\/api.w.org\/{rel}","templated":true}]}}