{"id":91227,"date":"2019-04-12T11:43:39","date_gmt":"2019-04-12T14:43:39","guid":{"rendered":"http:\/\/www.caririemacao.com\/1\/?p=91227"},"modified":"2019-04-12T11:43:39","modified_gmt":"2019-04-12T14:43:39","slug":"campinense-clube-comemora-104-anos-em-busca-de-mais-um-titulo-estadual","status":"publish","type":"post","link":"https:\/\/www.caririemacao.com\/1\/2019\/04\/12\/campinense-clube-comemora-104-anos-em-busca-de-mais-um-titulo-estadual\/","title":{"rendered":"Campinense Clube comemora 104 anos em busca de mais um t\u00edtulo estadual"},"content":{"rendered":"\n<p><br>A temporada 2019 tem sido um roteiro fiel do que \u00e9 a hist\u00f3ria do Campinense, clube nascido da aristocracia de Campina Grande no in\u00edcio do s\u00e9culo XX e que se popularizou com o futebol desde o final da d\u00e9cada de 1950: uma constante capacidade de transformar adversidade em supera\u00e7\u00e3o.<\/p>\n\n\n\n<figure class=\"wp-block-image\"><img decoding=\"async\" data-src=\"https:\/\/paraibaonline.com.br\/wp-content\/uploads\/2019\/04\/Campinense-900x563.jpeg\" alt=\"\" class=\"wp-image-616785 lazyload\" src=\"data:image\/svg+xml;base64,PHN2ZyB3aWR0aD0iMSIgaGVpZ2h0PSIxIiB4bWxucz0iaHR0cDovL3d3dy53My5vcmcvMjAwMC9zdmciPjwvc3ZnPg==\" style=\"--smush-placeholder-width: 900px; --smush-placeholder-aspect-ratio: 900\/563;\" \/><\/figure>\n\n\n\n<p>Foto: Samy Oliveira \u2013 Ascom \/ Campinense<\/p>\n\n\n\n<p>Finalista do Campeonato Paraibano de 2019, a despeito das crises financeira e administrativa pelas quais atravessa, o Rubro-Negro completa 104 anos de funda\u00e7\u00e3o nesta sexta-feira (12) e preparou uma programa\u00e7\u00e3o diversificada para comemorar a data.<\/p>\n\n\n\n<p>O Conselho Deliberativo e a Diretoria Executiva da Raposa prepararam uma s\u00e9rie de atividades, que vai da recep\u00e7\u00e3o a alunos de uma escola p\u00fablica a queima de fogos e ato ecum\u00eanico no est\u00e1dio Renat\u00e3o.<\/p>\n\n\n\n<p>J\u00e1 o time, comandado por Francisco Di\u00e1, segue a prepara\u00e7\u00e3o para as finais do Paraibano. Na tarde desta sexta a equipe tem treino programado para as 15h30, no est\u00e1dio Amig\u00e3o.<\/p>\n\n\n\n<figure class=\"wp-block-image\"><img decoding=\"async\" data-src=\"https:\/\/paraibaonline.com.br\/wp-content\/uploads\/2019\/04\/CC_Cajazeiras.jpg\" alt=\"\" class=\"wp-image-616786 lazyload\" src=\"data:image\/svg+xml;base64,PHN2ZyB3aWR0aD0iMSIgaGVpZ2h0PSIxIiB4bWxucz0iaHR0cDovL3d3dy53My5vcmcvMjAwMC9zdmciPjwvc3ZnPg==\" \/><\/figure>\n\n\n\n<p>Foto: Paraibaonline<\/p>\n\n\n\n<p>Depois de vencer o Atl\u00e9tico de Cajazeiras, com v\u00e1rios desfalques e no sofrimento dos p\u00eanaltis, no \u00faltimo domingo, o Campinense espera a defini\u00e7\u00e3o da outra perna das semifinais do estadual.<\/p>\n\n\n\n<p>Botafogo-PB e Nacional de Patos decidem, no pr\u00f3ximo domingo (14), em Jo\u00e3o Pessoa, quem ser\u00e1 o advers\u00e1rio do Rubro-Negro na decis\u00e3o. O Belo, que venceu a ida, no Sert\u00e3o, por 2 a 1, est\u00e1 em vantagem.<\/p>\n\n\n\n<p>Caso o time pessoense avance, o primeiro jogo da final ser\u00e1 no Amig\u00e3o e a volta acontecer\u00e1 no Almeid\u00e3o, quarta (17) e s\u00e1bado (20), respectivamente.<\/p>\n\n\n\n<p>J\u00e1 se o Na\u00e7a conseguir a classifica\u00e7\u00e3o, a decis\u00e3o come\u00e7a em Patos e termina em Campina Grande, nas mesmas datas.<\/p>\n\n\n\n<p><strong>Confira a programa\u00e7\u00e3o do anivers\u00e1rio de 104 anos do Campinense Clube.<\/strong><\/p>\n\n\n\n<figure class=\"wp-block-image\"><img decoding=\"async\" data-src=\"https:\/\/paraibaonline.com.br\/wp-content\/uploads\/2019\/04\/CampinenseClube104Anos-662x662.jpeg\" alt=\"\" class=\"wp-image-616784 lazyload\" src=\"data:image\/svg+xml;base64,PHN2ZyB3aWR0aD0iMSIgaGVpZ2h0PSIxIiB4bWxucz0iaHR0cDovL3d3dy53My5vcmcvMjAwMC9zdmciPjwvc3ZnPg==\" style=\"--smush-placeholder-width: 662px; --smush-placeholder-aspect-ratio: 662\/662;\" \/><\/figure>\n\n\n\n<p>Imagem: Ascom \/ Campinense<\/p>\n\n\n\n<p><strong>10h \u2013<\/strong>&nbsp;\u201cCampinense de Portas Abertas\u201d. (A diretoria e jogadores recepcionam estudantes da Escola Estadual ECI Monte Carmelo, localizada no bairro do Pedregal).<\/p>\n\n\n\n<p><strong>14h<\/strong>&nbsp;\u2013 Queima de fogos de artif\u00edcio.<\/p>\n\n\n\n<p><strong>14h15<\/strong>&nbsp;\u2013 Celebra\u00e7\u00e3o Ecum\u00eanica.<\/p>\n\n\n\n<p>\u2013 Ap\u00f3s o ato ecum\u00eanico, corte do bolo \u2013 (diretores, conselheiros, funcion\u00e1rios, comiss\u00e3o t\u00e9cnica, atletas e ex-atletas).<\/p>\n\n\n\n<p><strong>14h45<\/strong>&nbsp;\u2013 Apresenta\u00e7\u00e3o Cultural.(Banda Marcial da Escola Dr. Ep\u00eddio de Almeida, o \u201cGigant\u00e3o da Prata\u201d.<\/p>\n\n\n\n<p><strong>15h30<\/strong>&nbsp;\u2013 Treino do time principal no est\u00e1dio Amig\u00e3o.<\/p>\n","protected":false},"excerpt":{"rendered":"<p>A temporada 2019 tem sido um roteiro fiel do que \u00e9 a hist\u00f3ria do Campinense, clube nascido da aristocracia de Campina Grande no in\u00edcio do&hellip; <\/p>\n","protected":false},"author":1,"featured_media":91228,"comment_status":"closed","ping_status":"closed","sticky":false,"template":"","format":"standard","meta":{"sfsi_plus_gutenberg_text_before_share":"","sfsi_plus_gutenberg_show_text_before_share":"","sfsi_plus_gutenberg_icon_type":"","sfsi_plus_gutenberg_icon_alignemt":"","sfsi_plus_gutenburg_max_per_row":"","footnotes":""},"categories":[13],"tags":[],"class_list":["post-91227","post","type-post","status-publish","format-standard","has-post-thumbnail","hentry","category-esportes"],"_links":{"self":[{"href":"https:\/\/www.caririemacao.com\/1\/wp-json\/wp\/v2\/posts\/91227","targetHints":{"allow":["GET"]}}],"collection":[{"href":"https:\/\/www.caririemacao.com\/1\/wp-json\/wp\/v2\/posts"}],"about":[{"href":"https:\/\/www.caririemacao.com\/1\/wp-json\/wp\/v2\/types\/post"}],"author":[{"embeddable":true,"href":"https:\/\/www.caririemacao.com\/1\/wp-json\/wp\/v2\/users\/1"}],"replies":[{"embeddable":true,"href":"https:\/\/www.caririemacao.com\/1\/wp-json\/wp\/v2\/comments?post=91227"}],"version-history":[{"count":1,"href":"https:\/\/www.caririemacao.com\/1\/wp-json\/wp\/v2\/posts\/91227\/revisions"}],"predecessor-version":[{"id":91229,"href":"https:\/\/www.caririemacao.com\/1\/wp-json\/wp\/v2\/posts\/91227\/revisions\/91229"}],"wp:featuredmedia":[{"embeddable":true,"href":"https:\/\/www.caririemacao.com\/1\/wp-json\/wp\/v2\/media\/91228"}],"wp:attachment":[{"href":"https:\/\/www.caririemacao.com\/1\/wp-json\/wp\/v2\/media?parent=91227"}],"wp:term":[{"taxonomy":"category","embeddable":true,"href":"https:\/\/www.caririemacao.com\/1\/wp-json\/wp\/v2\/categories?post=91227"},{"taxonomy":"post_tag","embeddable":true,"href":"https:\/\/www.caririemacao.com\/1\/wp-json\/wp\/v2\/tags?post=91227"}],"curies":[{"name":"wp","href":"https:\/\/api.w.org\/{rel}","templated":true}]}}