{"id":91236,"date":"2019-04-12T11:47:03","date_gmt":"2019-04-12T14:47:03","guid":{"rendered":"http:\/\/www.caririemacao.com\/1\/?p=91236"},"modified":"2019-04-12T11:47:03","modified_gmt":"2019-04-12T14:47:03","slug":"paraiba-ja-registra-terceiro-caso-de-malaria","status":"publish","type":"post","link":"https:\/\/www.caririemacao.com\/1\/2019\/04\/12\/paraiba-ja-registra-terceiro-caso-de-malaria\/","title":{"rendered":"Para\u00edba j\u00e1 registra terceiro caso de mal\u00e1ria"},"content":{"rendered":"\n<p>Uma mulher de 40 anos foi confirmada como a terceira v\u00edtima diagnosticada com mal\u00e1ria no Hospital Universit\u00e1rio Lauro Wanderley (HULW), em Jo\u00e3o Pessoa, nesta quinta-feira (11). Ela deu entrada na quarta (10) com os sintomas da doen\u00e7a que, atrav\u00e9s de exames r\u00e1pidos, foi confirmada.<\/p>\n\n\n\n<p>Segundo a assessoria do hospital, a paciente \u00e9 de Jacum\u00e3, em Conde, e apresentava quadro de febre alta, dor de cabe\u00e7a, suor frio, entre outros, h\u00e1 uma semana. O estado de sa\u00fade \u00e9 considerado est\u00e1vel e ela deve passar por outros exames para que seja identificado o tipo de mal\u00e1ria.<\/p>\n\n\n\n<p>A prineira paciente diagnosticada com mal\u00e1ria no in\u00edcio deste m\u00eas recebeu alta no fim da tarde dessa ter\u00e7a-feira (9) do HULW ap\u00f3s tratamento. O caso foi o primeiro registrado no munic\u00edpio de Conde, na Grande Jo\u00e3o Pessoa, neste ano, e confirmado dia 2 de abril. Ela deu entrada no HULW no dia 29 de mar\u00e7o com sintomas da doen\u00e7a.<\/p>\n\n\n\n<p>O segundo caso registrado foi de um homem de 53 anos, que permanece internado no mesmo hospital. Ele foi transferido e deu entrada no HULW na \u00faltima sexta-feira (5) vindo do Trauminha, j\u00e1 com a doen\u00e7a confirmada. Segundo a assessoria, o estado de sa\u00fade dele tamb\u00e9m \u00e9 considerado est\u00e1vel.<\/p>\n\n\n\n<p>Fonte: Portal Correio<\/p>\n","protected":false},"excerpt":{"rendered":"<p>Uma mulher de 40 anos foi confirmada como a terceira v\u00edtima diagnosticada com mal\u00e1ria no Hospital Universit\u00e1rio Lauro Wanderley (HULW), em Jo\u00e3o Pessoa, nesta quinta-feira&hellip; <\/p>\n","protected":false},"author":1,"featured_media":91237,"comment_status":"closed","ping_status":"closed","sticky":false,"template":"","format":"standard","meta":{"sfsi_plus_gutenberg_text_before_share":"","sfsi_plus_gutenberg_show_text_before_share":"","sfsi_plus_gutenberg_icon_type":"","sfsi_plus_gutenberg_icon_alignemt":"","sfsi_plus_gutenburg_max_per_row":"","footnotes":""},"categories":[50,16],"tags":[],"class_list":["post-91236","post","type-post","status-publish","format-standard","has-post-thumbnail","hentry","category-destaque","category-saude"],"_links":{"self":[{"href":"https:\/\/www.caririemacao.com\/1\/wp-json\/wp\/v2\/posts\/91236","targetHints":{"allow":["GET"]}}],"collection":[{"href":"https:\/\/www.caririemacao.com\/1\/wp-json\/wp\/v2\/posts"}],"about":[{"href":"https:\/\/www.caririemacao.com\/1\/wp-json\/wp\/v2\/types\/post"}],"author":[{"embeddable":true,"href":"https:\/\/www.caririemacao.com\/1\/wp-json\/wp\/v2\/users\/1"}],"replies":[{"embeddable":true,"href":"https:\/\/www.caririemacao.com\/1\/wp-json\/wp\/v2\/comments?post=91236"}],"version-history":[{"count":1,"href":"https:\/\/www.caririemacao.com\/1\/wp-json\/wp\/v2\/posts\/91236\/revisions"}],"predecessor-version":[{"id":91238,"href":"https:\/\/www.caririemacao.com\/1\/wp-json\/wp\/v2\/posts\/91236\/revisions\/91238"}],"wp:featuredmedia":[{"embeddable":true,"href":"https:\/\/www.caririemacao.com\/1\/wp-json\/wp\/v2\/media\/91237"}],"wp:attachment":[{"href":"https:\/\/www.caririemacao.com\/1\/wp-json\/wp\/v2\/media?parent=91236"}],"wp:term":[{"taxonomy":"category","embeddable":true,"href":"https:\/\/www.caririemacao.com\/1\/wp-json\/wp\/v2\/categories?post=91236"},{"taxonomy":"post_tag","embeddable":true,"href":"https:\/\/www.caririemacao.com\/1\/wp-json\/wp\/v2\/tags?post=91236"}],"curies":[{"name":"wp","href":"https:\/\/api.w.org\/{rel}","templated":true}]}}