{"id":91246,"date":"2019-04-12T11:53:02","date_gmt":"2019-04-12T14:53:02","guid":{"rendered":"http:\/\/www.caririemacao.com\/1\/?p=91246"},"modified":"2019-04-12T11:53:02","modified_gmt":"2019-04-12T14:53:02","slug":"prefeitura-de-caraubas-vai-comemorar-o-aniversario-da-cidade-com-cavalgada-e-shows-com-artistas-locais","status":"publish","type":"post","link":"https:\/\/www.caririemacao.com\/1\/2019\/04\/12\/prefeitura-de-caraubas-vai-comemorar-o-aniversario-da-cidade-com-cavalgada-e-shows-com-artistas-locais\/","title":{"rendered":"Prefeitura de Cara\u00fabas vai comemorar o anivers\u00e1rio da cidade com cavalgada e shows com artistas locais"},"content":{"rendered":"\n<p>O prefeito de Cara\u00fabas, Silvano Dudu, afirmou, que n\u00e3o vai realizar grandes shows na festa de Emancipa\u00e7\u00e3o pol\u00edtica da cidade, no m\u00eas de maio.<\/p>\n\n\n\n<p>De acordo com o prefeito, a prefeitura est\u00e1 preparando uma programa\u00e7\u00e3o cultural, com a tradicional cavalgada e forr\u00f3 com artistas locais.<\/p>\n\n\n\n<p>A festa de Emancipa\u00e7\u00e3o Pol\u00edtica de Cara\u00fabas ser\u00e1 realizada no dia 04 de maio. Dentro da programa\u00e7\u00e3o, a Prefeitura vai realizar o torneio dos trabalhadores, que servir\u00e1 para apresenta\u00e7\u00e3o das equipes que ir\u00e3o participar do campeonato municipal de futebol.<\/p>\n\n\n\n<p><strong>Blog do Bruno Lira<\/strong><\/p>\n","protected":false},"excerpt":{"rendered":"<p>O prefeito de Cara\u00fabas, Silvano Dudu, afirmou, que n\u00e3o vai realizar grandes shows na festa de Emancipa\u00e7\u00e3o pol\u00edtica da cidade, no m\u00eas de maio. De&hellip; <\/p>\n","protected":false},"author":1,"featured_media":14127,"comment_status":"closed","ping_status":"closed","sticky":false,"template":"","format":"standard","meta":{"sfsi_plus_gutenberg_text_before_share":"","sfsi_plus_gutenberg_show_text_before_share":"","sfsi_plus_gutenberg_icon_type":"","sfsi_plus_gutenberg_icon_alignemt":"","sfsi_plus_gutenburg_max_per_row":"","footnotes":""},"categories":[6,50],"tags":[],"class_list":["post-91246","post","type-post","status-publish","format-standard","has-post-thumbnail","hentry","category-cidades","category-destaque"],"_links":{"self":[{"href":"https:\/\/www.caririemacao.com\/1\/wp-json\/wp\/v2\/posts\/91246","targetHints":{"allow":["GET"]}}],"collection":[{"href":"https:\/\/www.caririemacao.com\/1\/wp-json\/wp\/v2\/posts"}],"about":[{"href":"https:\/\/www.caririemacao.com\/1\/wp-json\/wp\/v2\/types\/post"}],"author":[{"embeddable":true,"href":"https:\/\/www.caririemacao.com\/1\/wp-json\/wp\/v2\/users\/1"}],"replies":[{"embeddable":true,"href":"https:\/\/www.caririemacao.com\/1\/wp-json\/wp\/v2\/comments?post=91246"}],"version-history":[{"count":1,"href":"https:\/\/www.caririemacao.com\/1\/wp-json\/wp\/v2\/posts\/91246\/revisions"}],"predecessor-version":[{"id":91247,"href":"https:\/\/www.caririemacao.com\/1\/wp-json\/wp\/v2\/posts\/91246\/revisions\/91247"}],"wp:featuredmedia":[{"embeddable":true,"href":"https:\/\/www.caririemacao.com\/1\/wp-json\/wp\/v2\/media\/14127"}],"wp:attachment":[{"href":"https:\/\/www.caririemacao.com\/1\/wp-json\/wp\/v2\/media?parent=91246"}],"wp:term":[{"taxonomy":"category","embeddable":true,"href":"https:\/\/www.caririemacao.com\/1\/wp-json\/wp\/v2\/categories?post=91246"},{"taxonomy":"post_tag","embeddable":true,"href":"https:\/\/www.caririemacao.com\/1\/wp-json\/wp\/v2\/tags?post=91246"}],"curies":[{"name":"wp","href":"https:\/\/api.w.org\/{rel}","templated":true}]}}