{"id":91250,"date":"2019-04-12T11:58:55","date_gmt":"2019-04-12T14:58:55","guid":{"rendered":"http:\/\/www.caririemacao.com\/1\/?p=91250"},"modified":"2019-04-12T11:58:55","modified_gmt":"2019-04-12T14:58:55","slug":"ouro-velho-recebera-carro-computadores-e-geladeira-para-o-conselho-tutelar","status":"publish","type":"post","link":"https:\/\/www.caririemacao.com\/1\/2019\/04\/12\/ouro-velho-recebera-carro-computadores-e-geladeira-para-o-conselho-tutelar\/","title":{"rendered":"Ouro Velho receber\u00e1 carro, computadores e geladeira para o Conselho Tutelar"},"content":{"rendered":"\n<p>O munic\u00edpio de Ouro Velho foi contemplado pelo Minist\u00e9rio dos Direitos Humanos com um autom\u00f3vel, uma geladeira e cinco computadores para o Conselho Tutelar. A informa\u00e7\u00e3o foi confirmada pela Prefeita Nat\u00e1lia de Dr. J\u00fanior.<\/p>\n\n\n\n<p>A prefeita informou que o carro j\u00e1 est\u00e1 em Campina Grande, e que em breve chegar\u00e1 ao munic\u00edpio. Nat\u00e1lia de Dr. J\u00fanior disse que vai continuar investindo e procurando fazer o melhor pelo munic\u00edpio.<\/p>\n","protected":false},"excerpt":{"rendered":"<p>O munic\u00edpio de Ouro Velho foi contemplado pelo Minist\u00e9rio dos Direitos Humanos com um autom\u00f3vel, uma geladeira e cinco computadores para o Conselho Tutelar. A&hellip; <\/p>\n","protected":false},"author":1,"featured_media":43402,"comment_status":"closed","ping_status":"closed","sticky":false,"template":"","format":"standard","meta":{"sfsi_plus_gutenberg_text_before_share":"","sfsi_plus_gutenberg_show_text_before_share":"","sfsi_plus_gutenberg_icon_type":"","sfsi_plus_gutenberg_icon_alignemt":"","sfsi_plus_gutenburg_max_per_row":"","footnotes":""},"categories":[50,2],"tags":[],"class_list":["post-91250","post","type-post","status-publish","format-standard","has-post-thumbnail","hentry","category-destaque","category-geral"],"_links":{"self":[{"href":"https:\/\/www.caririemacao.com\/1\/wp-json\/wp\/v2\/posts\/91250","targetHints":{"allow":["GET"]}}],"collection":[{"href":"https:\/\/www.caririemacao.com\/1\/wp-json\/wp\/v2\/posts"}],"about":[{"href":"https:\/\/www.caririemacao.com\/1\/wp-json\/wp\/v2\/types\/post"}],"author":[{"embeddable":true,"href":"https:\/\/www.caririemacao.com\/1\/wp-json\/wp\/v2\/users\/1"}],"replies":[{"embeddable":true,"href":"https:\/\/www.caririemacao.com\/1\/wp-json\/wp\/v2\/comments?post=91250"}],"version-history":[{"count":1,"href":"https:\/\/www.caririemacao.com\/1\/wp-json\/wp\/v2\/posts\/91250\/revisions"}],"predecessor-version":[{"id":91251,"href":"https:\/\/www.caririemacao.com\/1\/wp-json\/wp\/v2\/posts\/91250\/revisions\/91251"}],"wp:featuredmedia":[{"embeddable":true,"href":"https:\/\/www.caririemacao.com\/1\/wp-json\/wp\/v2\/media\/43402"}],"wp:attachment":[{"href":"https:\/\/www.caririemacao.com\/1\/wp-json\/wp\/v2\/media?parent=91250"}],"wp:term":[{"taxonomy":"category","embeddable":true,"href":"https:\/\/www.caririemacao.com\/1\/wp-json\/wp\/v2\/categories?post=91250"},{"taxonomy":"post_tag","embeddable":true,"href":"https:\/\/www.caririemacao.com\/1\/wp-json\/wp\/v2\/tags?post=91250"}],"curies":[{"name":"wp","href":"https:\/\/api.w.org\/{rel}","templated":true}]}}