{"id":91253,"date":"2019-04-12T12:01:03","date_gmt":"2019-04-12T15:01:03","guid":{"rendered":"http:\/\/www.caririemacao.com\/1\/?p=91253"},"modified":"2019-04-12T12:01:03","modified_gmt":"2019-04-12T15:01:03","slug":"acoes-de-combate-a-dengue-sao-intensificadas-em-sao-sebastiao-do-umbuzeiro","status":"publish","type":"post","link":"https:\/\/www.caririemacao.com\/1\/2019\/04\/12\/acoes-de-combate-a-dengue-sao-intensificadas-em-sao-sebastiao-do-umbuzeiro\/","title":{"rendered":"A\u00e7\u00f5es de combate a dengue s\u00e3o intensificadas em S\u00e3o Sebasti\u00e3o do Umbuzeiro"},"content":{"rendered":"\n<p>Nesta quinta-feira (11), a Prefeitura de S\u00e3o Sebasti\u00e3o do Umbuzeiro, atrav\u00e9s da Secretaria Municipal de Sa\u00fade,&nbsp;&nbsp;deu sequ\u00eancia \u00e0s a\u00e7\u00f5es de preven\u00e7\u00e3o e combate \u00e0 dengue na elimina\u00e7\u00e3o de focos do mosquito Aedes aegypti&nbsp;&nbsp;no munic\u00edpio.<\/p>\n\n\n\n<p>O trabalho est\u00e1 sendo desenvolvido pelos agentes de endemias e os agentes comunit\u00e1rios de Sa\u00fade da Fam\u00edlia (ESF) que atuam na regi\u00e3o, bem como da Vigil\u00e2ncia Sanit\u00e1ria.<\/p>\n\n\n\n<p>Prevenir \u00e9 a melhor forma de evitar a dengue, zika e chikungunya. A maior parte dos focos do mosquito que est\u00e3o nos domic\u00edlios, assim as medidas preventivas envolve o nosso quintal e tamb\u00e9m os dos vizinhos.<\/p>\n\n\n\n<p>Pensando no momento que vivemos a Secretaria de Sa\u00fade ALERTA para a preven\u00e7\u00e3o. Estamos constantemente desenvolvendo a\u00e7\u00f5es de preven\u00e7\u00e3o.<\/p>\n\n\n\n<p>Na manh\u00e3 desta quinta-feira 11 de abril de 19, realizamos v\u00e1rias a\u00e7\u00f5es tais como atividades educativas, mutir\u00f5es de elimina\u00e7\u00e3o de focos e Bomba de Ultra Baixo Volume Costal (UBV), um tipo de equipamento, que funciona com a borrifa\u00e7\u00e3o do local onde h\u00e1 suspeita de focos, \u00e9 utilizada pelos agentes em subsolos e locais onde j\u00e1 houve suspeita ou incid\u00eancia de dengue.<\/p>\n\n\n\n<p>Essas s\u00e3o algumas das in\u00fameras a\u00e7\u00f5es realizada no munic\u00edpio fa\u00e7a voc\u00ea tamb\u00e9m sua parte. O Secretario de Sa\u00fade Marcio Luiz Pereira Neves, enfatizou a import\u00e2ncia do Combate ao mosquito Aedes aegypti.<\/p>\n\n\n\n<p>\u201cEstamos refor\u00e7ando esse trabalho para conseguir abranger um n\u00famero maior de casas e isso deve ajudar no combate ao mosquito. Lembrando sempre que esse \u00e9 um trabalho complementar e a colabora\u00e7\u00e3o de todos \u00e9 extremamente importante\u201d, refor\u00e7ando&nbsp;&nbsp;sobre a necessidade do apoio da popula\u00e7\u00e3o.<\/p>\n\n\n\n<p>Outras medidas est\u00e3o na intensifica\u00e7\u00e3o das a\u00e7\u00f5es de rotina, que consistem nas visita\u00e7\u00f5es e vistoriais em im\u00f3veis e terrenos baldios feitas pelos agentes comunit\u00e1rios de sa\u00fade e de endemias, distribui\u00e7\u00e3o de peixes tamb\u00e9m contamos com apoio da Secretaria de Infraestrutura e Obras, na remo\u00e7\u00e3o de materiais inserv\u00edveis de grande volume.<\/p>\n","protected":false},"excerpt":{"rendered":"<p>Nesta quinta-feira (11), a Prefeitura de S\u00e3o Sebasti\u00e3o do Umbuzeiro, atrav\u00e9s da Secretaria Municipal de Sa\u00fade,&nbsp;&nbsp;deu sequ\u00eancia \u00e0s a\u00e7\u00f5es de preven\u00e7\u00e3o e combate \u00e0 dengue&hellip; <\/p>\n","protected":false},"author":1,"featured_media":67337,"comment_status":"closed","ping_status":"closed","sticky":false,"template":"","format":"standard","meta":{"sfsi_plus_gutenberg_text_before_share":"","sfsi_plus_gutenberg_show_text_before_share":"","sfsi_plus_gutenberg_icon_type":"","sfsi_plus_gutenberg_icon_alignemt":"","sfsi_plus_gutenburg_max_per_row":"","footnotes":""},"categories":[6,50],"tags":[],"class_list":["post-91253","post","type-post","status-publish","format-standard","has-post-thumbnail","hentry","category-cidades","category-destaque"],"_links":{"self":[{"href":"https:\/\/www.caririemacao.com\/1\/wp-json\/wp\/v2\/posts\/91253","targetHints":{"allow":["GET"]}}],"collection":[{"href":"https:\/\/www.caririemacao.com\/1\/wp-json\/wp\/v2\/posts"}],"about":[{"href":"https:\/\/www.caririemacao.com\/1\/wp-json\/wp\/v2\/types\/post"}],"author":[{"embeddable":true,"href":"https:\/\/www.caririemacao.com\/1\/wp-json\/wp\/v2\/users\/1"}],"replies":[{"embeddable":true,"href":"https:\/\/www.caririemacao.com\/1\/wp-json\/wp\/v2\/comments?post=91253"}],"version-history":[{"count":1,"href":"https:\/\/www.caririemacao.com\/1\/wp-json\/wp\/v2\/posts\/91253\/revisions"}],"predecessor-version":[{"id":91254,"href":"https:\/\/www.caririemacao.com\/1\/wp-json\/wp\/v2\/posts\/91253\/revisions\/91254"}],"wp:featuredmedia":[{"embeddable":true,"href":"https:\/\/www.caririemacao.com\/1\/wp-json\/wp\/v2\/media\/67337"}],"wp:attachment":[{"href":"https:\/\/www.caririemacao.com\/1\/wp-json\/wp\/v2\/media?parent=91253"}],"wp:term":[{"taxonomy":"category","embeddable":true,"href":"https:\/\/www.caririemacao.com\/1\/wp-json\/wp\/v2\/categories?post=91253"},{"taxonomy":"post_tag","embeddable":true,"href":"https:\/\/www.caririemacao.com\/1\/wp-json\/wp\/v2\/tags?post=91253"}],"curies":[{"name":"wp","href":"https:\/\/api.w.org\/{rel}","templated":true}]}}