{"id":91261,"date":"2019-04-12T12:16:25","date_gmt":"2019-04-12T15:16:25","guid":{"rendered":"http:\/\/www.caririemacao.com\/1\/?p=91261"},"modified":"2019-04-12T12:16:25","modified_gmt":"2019-04-12T15:16:25","slug":"joao-azevedo-anuncia-pagamento-este-mes-de-adicional-de-inatividade-para-pm-e-corpo-de-bombeiros","status":"publish","type":"post","link":"https:\/\/www.caririemacao.com\/1\/2019\/04\/12\/joao-azevedo-anuncia-pagamento-este-mes-de-adicional-de-inatividade-para-pm-e-corpo-de-bombeiros\/","title":{"rendered":"Jo\u00e3o Azev\u00eado anuncia pagamento este m\u00eas de adicional de inatividade para PM e Corpo de Bombeiros"},"content":{"rendered":"\n<div class=\"wp-block-image\"><figure class=\"aligncenter\"><a href=\"http:\/\/noticiasemdestaque.com\/cd\/wp-content\/uploads\/2019\/03\/jo%C3%A3o-azevedo.jpg\"><img decoding=\"async\" data-src=\"http:\/\/noticiasemdestaque.com\/cd\/wp-content\/uploads\/2019\/03\/jo%C3%A3o-azevedo-1024x682.jpg\" alt=\"\" class=\"wp-image-16136 lazyload\" src=\"data:image\/svg+xml;base64,PHN2ZyB3aWR0aD0iMSIgaGVpZ2h0PSIxIiB4bWxucz0iaHR0cDovL3d3dy53My5vcmcvMjAwMC9zdmciPjwvc3ZnPg==\" style=\"--smush-placeholder-width: 1024px; --smush-placeholder-aspect-ratio: 1024\/682;\" \/><\/a><\/figure><\/div>\n\n\n\n<p>O governador Jo\u00e3o Azev\u00eado garantiu, nesta quinta-feira (11), o pagamento da segunda parcela dos adicionais de inatividade da Pol\u00edcia Militar e do Corpo de Bombeiros neste m\u00eas de abril, cumprindo, desta forma, o compromisso assumido pelo Governo do Estado com ambas as categorias no ano passado. Ao todo, os valores da primeira e da segunda parcela somam cerca de R$ 1 milh\u00e3o.<\/p>\n\n\n\n<p>Em 2018, o ex-governador Ricardo Coutinho assegurou o pagamento desses adicionais de inatividade, cujos valores as categorias reivindicavam h\u00e1 anos, chegando inclusive \u00e0 discuss\u00e3o judicial. O pagamento foi dividido em duas parcelas, sendo que a primeira foi paga em novembro de 2018 e completada no m\u00eas de mar\u00e7o. Na ocasi\u00e3o, ficou acertado que a segunda parcela seria paga ainda no primeiro semestre de 2019.<\/p>\n\n\n\n<p>Com o an\u00fancio do governador Jo\u00e3o Azev\u00eado, o Governo do Estado cumpre o compromisso assumido anteriormente e atende a reivindica\u00e7\u00e3o destes militares, minimizando as distor\u00e7\u00f5es em rela\u00e7\u00e3o aos policiais e bombeiros militares da ativa.<\/p>\n","protected":false},"excerpt":{"rendered":"<p>O governador Jo\u00e3o Azev\u00eado garantiu, nesta quinta-feira (11), o pagamento da segunda parcela dos adicionais de inatividade da Pol\u00edcia Militar e do Corpo de Bombeiros&hellip; <\/p>\n","protected":false},"author":1,"featured_media":91262,"comment_status":"closed","ping_status":"closed","sticky":false,"template":"","format":"standard","meta":{"sfsi_plus_gutenberg_text_before_share":"","sfsi_plus_gutenberg_show_text_before_share":"","sfsi_plus_gutenberg_icon_type":"","sfsi_plus_gutenberg_icon_alignemt":"","sfsi_plus_gutenburg_max_per_row":"","footnotes":""},"categories":[11],"tags":[],"class_list":["post-91261","post","type-post","status-publish","format-standard","has-post-thumbnail","hentry","category-politica"],"_links":{"self":[{"href":"https:\/\/www.caririemacao.com\/1\/wp-json\/wp\/v2\/posts\/91261","targetHints":{"allow":["GET"]}}],"collection":[{"href":"https:\/\/www.caririemacao.com\/1\/wp-json\/wp\/v2\/posts"}],"about":[{"href":"https:\/\/www.caririemacao.com\/1\/wp-json\/wp\/v2\/types\/post"}],"author":[{"embeddable":true,"href":"https:\/\/www.caririemacao.com\/1\/wp-json\/wp\/v2\/users\/1"}],"replies":[{"embeddable":true,"href":"https:\/\/www.caririemacao.com\/1\/wp-json\/wp\/v2\/comments?post=91261"}],"version-history":[{"count":1,"href":"https:\/\/www.caririemacao.com\/1\/wp-json\/wp\/v2\/posts\/91261\/revisions"}],"predecessor-version":[{"id":91263,"href":"https:\/\/www.caririemacao.com\/1\/wp-json\/wp\/v2\/posts\/91261\/revisions\/91263"}],"wp:featuredmedia":[{"embeddable":true,"href":"https:\/\/www.caririemacao.com\/1\/wp-json\/wp\/v2\/media\/91262"}],"wp:attachment":[{"href":"https:\/\/www.caririemacao.com\/1\/wp-json\/wp\/v2\/media?parent=91261"}],"wp:term":[{"taxonomy":"category","embeddable":true,"href":"https:\/\/www.caririemacao.com\/1\/wp-json\/wp\/v2\/categories?post=91261"},{"taxonomy":"post_tag","embeddable":true,"href":"https:\/\/www.caririemacao.com\/1\/wp-json\/wp\/v2\/tags?post=91261"}],"curies":[{"name":"wp","href":"https:\/\/api.w.org\/{rel}","templated":true}]}}