{"id":91273,"date":"2019-04-12T13:31:56","date_gmt":"2019-04-12T16:31:56","guid":{"rendered":"http:\/\/www.caririemacao.com\/1\/?p=91273"},"modified":"2019-04-12T13:31:56","modified_gmt":"2019-04-12T16:31:56","slug":"prefeitura-de-prata-investe-em-recuperacao-de-estradas-vicinais","status":"publish","type":"post","link":"https:\/\/www.caririemacao.com\/1\/2019\/04\/12\/prefeitura-de-prata-investe-em-recuperacao-de-estradas-vicinais\/","title":{"rendered":"Prefeitura de Prata investe em recupera\u00e7\u00e3o de estradas vicinais"},"content":{"rendered":"\n<p>Como parte do programa Prefeitura em a\u00e7\u00e3o do governo municipal, a Prefeitura de Prata esta realizando a recupera\u00e7\u00e3o das estradas vicinais que ligam o munic\u00edpio a v\u00e1rias comunidades rurais que s\u00e3o : Macacos,Acau\u00e3,Gabriel e S\u00e3o Francisco.<br>A a\u00e7\u00e3o que est\u00e1 sendo coordenada pela secretaria de agricultura, conta com duas frentes de servi\u00e7os que permitem a recupera\u00e7\u00e3o de todas as estradas de ch\u00e3o que s\u00e3o castigadas no per\u00edodo de chuva, dificultando a passagem dos ve\u00edculos, bem como o escoamento da produ\u00e7\u00e3o dos pequenos produtores rurais e assentados.<\/p>\n\n\n\n<figure class=\"wp-block-image\"><a href=\"https:\/\/4.bp.blogspot.com\/-aHWz2ppOD0I\/XK_VSORT2QI\/AAAAAAABSYA\/h_YYhDj3N5U4ErQF83fAVZPM1UbBc8x_wCLcBGAs\/s1600\/WhatsApp%2BImage%2B2019-04-11%2Bat%2B8.26.15%2BPM%2B%25281%2529.jpeg\"><img decoding=\"async\" data-src=\"https:\/\/4.bp.blogspot.com\/-aHWz2ppOD0I\/XK_VSORT2QI\/AAAAAAABSYA\/h_YYhDj3N5U4ErQF83fAVZPM1UbBc8x_wCLcBGAs\/s320\/WhatsApp%2BImage%2B2019-04-11%2Bat%2B8.26.15%2BPM%2B%25281%2529.jpeg\" alt=\"\" src=\"data:image\/svg+xml;base64,PHN2ZyB3aWR0aD0iMSIgaGVpZ2h0PSIxIiB4bWxucz0iaHR0cDovL3d3dy53My5vcmcvMjAwMC9zdmciPjwvc3ZnPg==\" class=\"lazyload\" \/><\/a><\/figure>\n\n\n\n<p>A atual administra\u00e7\u00e3o n\u00e3o tem medido esfor\u00e7os para atender os pequenos produtores rurais. De acordo com o prefeito Junior N\u00f3brega durante sua gest\u00e3o, os servi\u00e7os em apoio ao pequeno produtor v\u00e3o continuar sendo prioridade pela sua equipe.<\/p>\n","protected":false},"excerpt":{"rendered":"<p>Como parte do programa Prefeitura em a\u00e7\u00e3o do governo municipal, a Prefeitura de Prata esta realizando a recupera\u00e7\u00e3o das estradas vicinais que ligam o munic\u00edpio&hellip; <\/p>\n","protected":false},"author":1,"featured_media":91274,"comment_status":"closed","ping_status":"closed","sticky":false,"template":"","format":"standard","meta":{"sfsi_plus_gutenberg_text_before_share":"","sfsi_plus_gutenberg_show_text_before_share":"","sfsi_plus_gutenberg_icon_type":"","sfsi_plus_gutenberg_icon_alignemt":"","sfsi_plus_gutenburg_max_per_row":"","footnotes":""},"categories":[6],"tags":[],"class_list":["post-91273","post","type-post","status-publish","format-standard","has-post-thumbnail","hentry","category-cidades"],"_links":{"self":[{"href":"https:\/\/www.caririemacao.com\/1\/wp-json\/wp\/v2\/posts\/91273","targetHints":{"allow":["GET"]}}],"collection":[{"href":"https:\/\/www.caririemacao.com\/1\/wp-json\/wp\/v2\/posts"}],"about":[{"href":"https:\/\/www.caririemacao.com\/1\/wp-json\/wp\/v2\/types\/post"}],"author":[{"embeddable":true,"href":"https:\/\/www.caririemacao.com\/1\/wp-json\/wp\/v2\/users\/1"}],"replies":[{"embeddable":true,"href":"https:\/\/www.caririemacao.com\/1\/wp-json\/wp\/v2\/comments?post=91273"}],"version-history":[{"count":1,"href":"https:\/\/www.caririemacao.com\/1\/wp-json\/wp\/v2\/posts\/91273\/revisions"}],"predecessor-version":[{"id":91275,"href":"https:\/\/www.caririemacao.com\/1\/wp-json\/wp\/v2\/posts\/91273\/revisions\/91275"}],"wp:featuredmedia":[{"embeddable":true,"href":"https:\/\/www.caririemacao.com\/1\/wp-json\/wp\/v2\/media\/91274"}],"wp:attachment":[{"href":"https:\/\/www.caririemacao.com\/1\/wp-json\/wp\/v2\/media?parent=91273"}],"wp:term":[{"taxonomy":"category","embeddable":true,"href":"https:\/\/www.caririemacao.com\/1\/wp-json\/wp\/v2\/categories?post=91273"},{"taxonomy":"post_tag","embeddable":true,"href":"https:\/\/www.caririemacao.com\/1\/wp-json\/wp\/v2\/tags?post=91273"}],"curies":[{"name":"wp","href":"https:\/\/api.w.org\/{rel}","templated":true}]}}