{"id":92573,"date":"2019-04-23T16:27:45","date_gmt":"2019-04-23T19:27:45","guid":{"rendered":"http:\/\/www.caririemacao.com\/1\/?p=92573"},"modified":"2019-04-23T16:27:45","modified_gmt":"2019-04-23T19:27:45","slug":"botafogo-pb-segue-se-reforcando-e-acerta-com-ex-zagueiro-do-gremio","status":"publish","type":"post","link":"https:\/\/www.caririemacao.com\/1\/2019\/04\/23\/botafogo-pb-segue-se-reforcando-e-acerta-com-ex-zagueiro-do-gremio\/","title":{"rendered":"Botafogo-PB segue se refor\u00e7ando e acerta com ex-zagueiro do Gr\u00eamio"},"content":{"rendered":"\n<p><br>O Botafogo-PB ainda estava festejando a conquista do tricampeonato estadual, mas a diretoria n\u00e3o parou e acertou com seu s\u00e9timo refor\u00e7o para a S\u00e9rie C do Campeonato Brasileiro.<\/p>\n\n\n\n<p>Depois de refor\u00e7ar a lateral direita, meio campo e ataque, agora foi a vez da defesa receber mais um jogador para compor seu elenco. Pela experi\u00eancia, o novo nome botafoguense chega com status para assumir a titularidade.<\/p>\n\n\n\n<figure class=\"wp-block-image\"><img decoding=\"async\" data-src=\"https:\/\/paraibaonline.com.br\/wp-content\/uploads\/2019\/04\/Fred.jpg\" alt=\"\" class=\"wp-image-644546 lazyload\" src=\"data:image\/svg+xml;base64,PHN2ZyB3aWR0aD0iMSIgaGVpZ2h0PSIxIiB4bWxucz0iaHR0cDovL3d3dy53My5vcmcvMjAwMC9zdmciPjwvc3ZnPg==\" \/><\/figure>\n\n\n\n<p>Foto: Ascom \/ Gr\u00eamio FPA<\/p>\n\n\n\n<p>O zagueiro Fred, de 33 anos, vestiu a camisa do Gr\u00eamio na Libertadores de 2016 e tem um extenso curr\u00edculo no futebol.<\/p>\n\n\n\n<p>Pelo Vit\u00f3ria-BA, um ano depois, o defensor marcou um gol de falta, uma de suas principais caracter\u00edsticas, contra o Belo, na Copa do Nordeste, em jogo vencido pelo time paraibano por 4 a 2.<\/p>\n\n\n\n<p>Antes, ainda mais jovem, o atleta jogou pelo Standard Li\u00e8ge, da B\u00e9lgica. De volta ao Brasil, passou por Juventude-RS, Figueirense-SC, Ava\u00ed-SC, Boa Vista-RJ, S\u00e3o Caetano-SP, Caxias-RS e Goi\u00e1s.<\/p>\n\n\n\n<p>Este ano Fred disputou o Gauch\u00e3o pelo Novo Hamburgo, e l\u00e1 foi companheiro de Juninho e Kelvin. Ele vem para disputar posi\u00e7\u00e3o com Lula, Willian Goiano, Donato e Rodolfo Mol.<\/p>\n\n\n\n<p>A expectativa \u00e9 que o zagueiro seja apresentado nesta quarta-feira (24) e j\u00e1 inicie os trabalhos com seus companheiros, que v\u00e3o se preparar para a estreia do Botafogo-PB na S\u00e9rie C do Campeonato Brasileiro, que acontece domingo (28), \u00e0s 17h, contra o Ferrovi\u00e1rio-CE, no est\u00e1dio Almeid\u00e3o.<\/p>\n\n\n\n<p>Quem deve chegar na Maravilha do Contorno no mesmo dia que Fred \u00e9 o atacante Hiago, que est\u00e1 por detalhes jur\u00eddicos para se transferir do CSA-AL para o Botafogo-PB. Em entrevista ao Portal Correio, o presidente do Belo S\u00e9rgio Meira, afirmou que faltam apenas quest\u00f5es burocr\u00e1ticas para que a negocia\u00e7\u00e3o seja concretizada.<\/p>\n","protected":false},"excerpt":{"rendered":"<p>O Botafogo-PB ainda estava festejando a conquista do tricampeonato estadual, mas a diretoria n\u00e3o parou e acertou com seu s\u00e9timo refor\u00e7o para a S\u00e9rie C&hellip; <\/p>\n","protected":false},"author":1,"featured_media":92574,"comment_status":"closed","ping_status":"closed","sticky":false,"template":"","format":"standard","meta":{"sfsi_plus_gutenberg_text_before_share":"","sfsi_plus_gutenberg_show_text_before_share":"","sfsi_plus_gutenberg_icon_type":"","sfsi_plus_gutenberg_icon_alignemt":"","sfsi_plus_gutenburg_max_per_row":"","footnotes":""},"categories":[13],"tags":[],"class_list":["post-92573","post","type-post","status-publish","format-standard","has-post-thumbnail","hentry","category-esportes"],"_links":{"self":[{"href":"https:\/\/www.caririemacao.com\/1\/wp-json\/wp\/v2\/posts\/92573","targetHints":{"allow":["GET"]}}],"collection":[{"href":"https:\/\/www.caririemacao.com\/1\/wp-json\/wp\/v2\/posts"}],"about":[{"href":"https:\/\/www.caririemacao.com\/1\/wp-json\/wp\/v2\/types\/post"}],"author":[{"embeddable":true,"href":"https:\/\/www.caririemacao.com\/1\/wp-json\/wp\/v2\/users\/1"}],"replies":[{"embeddable":true,"href":"https:\/\/www.caririemacao.com\/1\/wp-json\/wp\/v2\/comments?post=92573"}],"version-history":[{"count":1,"href":"https:\/\/www.caririemacao.com\/1\/wp-json\/wp\/v2\/posts\/92573\/revisions"}],"predecessor-version":[{"id":92575,"href":"https:\/\/www.caririemacao.com\/1\/wp-json\/wp\/v2\/posts\/92573\/revisions\/92575"}],"wp:featuredmedia":[{"embeddable":true,"href":"https:\/\/www.caririemacao.com\/1\/wp-json\/wp\/v2\/media\/92574"}],"wp:attachment":[{"href":"https:\/\/www.caririemacao.com\/1\/wp-json\/wp\/v2\/media?parent=92573"}],"wp:term":[{"taxonomy":"category","embeddable":true,"href":"https:\/\/www.caririemacao.com\/1\/wp-json\/wp\/v2\/categories?post=92573"},{"taxonomy":"post_tag","embeddable":true,"href":"https:\/\/www.caririemacao.com\/1\/wp-json\/wp\/v2\/tags?post=92573"}],"curies":[{"name":"wp","href":"https:\/\/api.w.org\/{rel}","templated":true}]}}