{"id":92578,"date":"2019-04-23T16:30:09","date_gmt":"2019-04-23T19:30:09","guid":{"rendered":"http:\/\/www.caririemacao.com\/1\/?p=92578"},"modified":"2019-04-23T16:30:09","modified_gmt":"2019-04-23T19:30:09","slug":"comissao-da-alpb-aprova-projeto-que-proibe-corte-de-agua-energia-e-telefonia-nos-finais-de-semana-e-feriados","status":"publish","type":"post","link":"https:\/\/www.caririemacao.com\/1\/2019\/04\/23\/comissao-da-alpb-aprova-projeto-que-proibe-corte-de-agua-energia-e-telefonia-nos-finais-de-semana-e-feriados\/","title":{"rendered":"Comiss\u00e3o da ALPB aprova projeto que pro\u00edbe corte de \u00e1gua, energia e telefonia nos finais de semana e feriados"},"content":{"rendered":"\n<p>As empresas concession\u00e1rias de energia el\u00e9trica, \u00e1gua e telefonia n\u00e3o poder\u00e3o cortar o fornecimento residencial desses servi\u00e7os nos fins de semana e feriados quando for registrada falta de pagamento. \u00c9 o que disp\u00f5e o projeto aprovado na Comiss\u00e3o de Direitos Humanos e Minorias da Assembleia Legislativa da Para\u00edba (ALPB), nesta ter\u00e7a-feira (23).<\/p>\n\n\n\n<p>O projeto 85\/2019, de autoria do deputado Ricardo Barbosa, ser\u00e1 encaminhado ao plen\u00e1rio da Assembleia Legislativa da Para\u00edba para aprecia\u00e7\u00e3o dos parlamentares.<\/p>\n","protected":false},"excerpt":{"rendered":"<p>As empresas concession\u00e1rias de energia el\u00e9trica, \u00e1gua e telefonia n\u00e3o poder\u00e3o cortar o fornecimento residencial desses servi\u00e7os nos fins de semana e feriados quando for&hellip; <\/p>\n","protected":false},"author":1,"featured_media":92579,"comment_status":"closed","ping_status":"closed","sticky":false,"template":"","format":"standard","meta":{"sfsi_plus_gutenberg_text_before_share":"","sfsi_plus_gutenberg_show_text_before_share":"","sfsi_plus_gutenberg_icon_type":"","sfsi_plus_gutenberg_icon_alignemt":"","sfsi_plus_gutenburg_max_per_row":"","footnotes":""},"categories":[11],"tags":[],"class_list":["post-92578","post","type-post","status-publish","format-standard","has-post-thumbnail","hentry","category-politica"],"_links":{"self":[{"href":"https:\/\/www.caririemacao.com\/1\/wp-json\/wp\/v2\/posts\/92578","targetHints":{"allow":["GET"]}}],"collection":[{"href":"https:\/\/www.caririemacao.com\/1\/wp-json\/wp\/v2\/posts"}],"about":[{"href":"https:\/\/www.caririemacao.com\/1\/wp-json\/wp\/v2\/types\/post"}],"author":[{"embeddable":true,"href":"https:\/\/www.caririemacao.com\/1\/wp-json\/wp\/v2\/users\/1"}],"replies":[{"embeddable":true,"href":"https:\/\/www.caririemacao.com\/1\/wp-json\/wp\/v2\/comments?post=92578"}],"version-history":[{"count":1,"href":"https:\/\/www.caririemacao.com\/1\/wp-json\/wp\/v2\/posts\/92578\/revisions"}],"predecessor-version":[{"id":92580,"href":"https:\/\/www.caririemacao.com\/1\/wp-json\/wp\/v2\/posts\/92578\/revisions\/92580"}],"wp:featuredmedia":[{"embeddable":true,"href":"https:\/\/www.caririemacao.com\/1\/wp-json\/wp\/v2\/media\/92579"}],"wp:attachment":[{"href":"https:\/\/www.caririemacao.com\/1\/wp-json\/wp\/v2\/media?parent=92578"}],"wp:term":[{"taxonomy":"category","embeddable":true,"href":"https:\/\/www.caririemacao.com\/1\/wp-json\/wp\/v2\/categories?post=92578"},{"taxonomy":"post_tag","embeddable":true,"href":"https:\/\/www.caririemacao.com\/1\/wp-json\/wp\/v2\/tags?post=92578"}],"curies":[{"name":"wp","href":"https:\/\/api.w.org\/{rel}","templated":true}]}}