{"id":92583,"date":"2019-04-23T16:31:55","date_gmt":"2019-04-23T19:31:55","guid":{"rendered":"http:\/\/www.caririemacao.com\/1\/?p=92583"},"modified":"2019-04-23T16:31:55","modified_gmt":"2019-04-23T19:31:55","slug":"relator-e-ministro-votam-pela-reducao-da-pena-de-lula","status":"publish","type":"post","link":"https:\/\/www.caririemacao.com\/1\/2019\/04\/23\/relator-e-ministro-votam-pela-reducao-da-pena-de-lula\/","title":{"rendered":"Relator e ministro votam pela redu\u00e7\u00e3o da pena de Lula"},"content":{"rendered":"\n<p>Ministro e relator do recurso do ex-presidente Luiz In\u00e1cio Lula da Siva, Felix Fischer, votou pela redu\u00e7\u00e3o da pena de Lula para 8 anos e 10 meses. O ministro Jorge Mussi tamb\u00e9m votou para que a pena seja reduzida. Ambos querem que a condena\u00e7\u00e3o seja mantida.<\/p>\n\n\n\n<p>A Quinta Turma do Superior Tribunal de Justi\u00e7a (STJ) julga nesta ter\u00e7a-feira (23) recurso da defesa do ex-presidente que tenta reduzir ou anular a pena no caso do triplex em Guaruj\u00e1.<\/p>\n\n\n\n<p>Em outra parte do voto, no entanto, o relator negou pedidos da defesa, por entender que n\u00e3o houve ilegalidades processuais. A defesa queria a juntada de novas provas, contesta\u00e7\u00e3o de acordo da Opera\u00e7\u00e3o Lava Jato com os Estados Unidos, al\u00e9m da remessa do processo para a Justi\u00e7a Eleitoral e a suspei\u00e7\u00e3o do ex-juiz Sergio Moro para julgar o caso e a suposta atua\u00e7\u00e3o abusiva dos procuradores da opera\u00e7\u00e3o.<\/p>\n\n\n\n<p>Atualmente, Lula \u00e9 condenado e cumpre pena de 12 anos. A defesa de Lula pede que o ex-presidente seja absolvido, argumenta que ele \u00e9 inocente, n\u00e3o recebeu apartamento como propina e n\u00e3o h\u00e1 provas no processo. Caso a pena seja reduzida, Lula pode ter progress\u00e3o de regime e ou ir para pris\u00e3o domiciliar.<\/p>\n\n\n\n<p><strong>Acompanhe ao vivo:<\/strong><\/p>\n\n\n\n<figure><iframe width=\"590\" height=\"345\" data-src=\"https:\/\/www.youtube.com\/embed\/-3o5PPW_U1M?theme=light&amp;autohide=1&amp;showinfo=0;wmode=transparent;border=none;iv_load_policy=1;rel=0\" allowfullscreen=\"\" src=\"data:image\/svg+xml;base64,PHN2ZyB3aWR0aD0iMSIgaGVpZ2h0PSIxIiB4bWxucz0iaHR0cDovL3d3dy53My5vcmcvMjAwMC9zdmciPjwvc3ZnPg==\" class=\"lazyload\" data-load-mode=\"1\"><\/iframe><\/figure>\n","protected":false},"excerpt":{"rendered":"<p>Ministro e relator do recurso do ex-presidente Luiz In\u00e1cio Lula da Siva, Felix Fischer, votou pela redu\u00e7\u00e3o da pena de Lula para 8 anos e&hellip; <\/p>\n","protected":false},"author":1,"featured_media":90588,"comment_status":"closed","ping_status":"closed","sticky":false,"template":"","format":"standard","meta":{"sfsi_plus_gutenberg_text_before_share":"","sfsi_plus_gutenberg_show_text_before_share":"","sfsi_plus_gutenberg_icon_type":"","sfsi_plus_gutenberg_icon_alignemt":"","sfsi_plus_gutenburg_max_per_row":"","footnotes":""},"categories":[11],"tags":[],"class_list":["post-92583","post","type-post","status-publish","format-standard","has-post-thumbnail","hentry","category-politica"],"_links":{"self":[{"href":"https:\/\/www.caririemacao.com\/1\/wp-json\/wp\/v2\/posts\/92583","targetHints":{"allow":["GET"]}}],"collection":[{"href":"https:\/\/www.caririemacao.com\/1\/wp-json\/wp\/v2\/posts"}],"about":[{"href":"https:\/\/www.caririemacao.com\/1\/wp-json\/wp\/v2\/types\/post"}],"author":[{"embeddable":true,"href":"https:\/\/www.caririemacao.com\/1\/wp-json\/wp\/v2\/users\/1"}],"replies":[{"embeddable":true,"href":"https:\/\/www.caririemacao.com\/1\/wp-json\/wp\/v2\/comments?post=92583"}],"version-history":[{"count":1,"href":"https:\/\/www.caririemacao.com\/1\/wp-json\/wp\/v2\/posts\/92583\/revisions"}],"predecessor-version":[{"id":92584,"href":"https:\/\/www.caririemacao.com\/1\/wp-json\/wp\/v2\/posts\/92583\/revisions\/92584"}],"wp:featuredmedia":[{"embeddable":true,"href":"https:\/\/www.caririemacao.com\/1\/wp-json\/wp\/v2\/media\/90588"}],"wp:attachment":[{"href":"https:\/\/www.caririemacao.com\/1\/wp-json\/wp\/v2\/media?parent=92583"}],"wp:term":[{"taxonomy":"category","embeddable":true,"href":"https:\/\/www.caririemacao.com\/1\/wp-json\/wp\/v2\/categories?post=92583"},{"taxonomy":"post_tag","embeddable":true,"href":"https:\/\/www.caririemacao.com\/1\/wp-json\/wp\/v2\/tags?post=92583"}],"curies":[{"name":"wp","href":"https:\/\/api.w.org\/{rel}","templated":true}]}}