{"id":92591,"date":"2019-04-23T16:35:33","date_gmt":"2019-04-23T19:35:33","guid":{"rendered":"http:\/\/www.caririemacao.com\/1\/?p=92591"},"modified":"2019-04-23T16:35:33","modified_gmt":"2019-04-23T19:35:33","slug":"paraiba-registra-mais-uma-morte-por-dengue-hemorragica","status":"publish","type":"post","link":"https:\/\/www.caririemacao.com\/1\/2019\/04\/23\/paraiba-registra-mais-uma-morte-por-dengue-hemorragica\/","title":{"rendered":"Para\u00edba registra mais uma morte por dengue hemorr\u00e1gica"},"content":{"rendered":"\n<p>Mais caso de \u00f3bito com suspeita de dengue hemorr\u00e1gica foi registrado na Para\u00edba.<br><\/p>\n\n\n\n<p>Na noite desta segunda-feira (22) uma crian\u00e7a de cinco ano vinda da cidade Araruna deu entrada no Hospital de Emerg\u00eancia e Trauma Senador Humberto Lucena, em Jo\u00e3o Pessoa.<\/p>\n\n\n\n<p>No in\u00edcio da manh\u00e3, a crian\u00e7a faleceu e o diagn\u00f3stico da morte \u00e9 de dengue hemorr\u00e1gica.<\/p>\n\n\n\n<p>Reda\u00e7\u00e3o&nbsp;<\/p>\n","protected":false},"excerpt":{"rendered":"<p>Mais caso de \u00f3bito com suspeita de dengue hemorr\u00e1gica foi registrado na Para\u00edba. Na noite desta segunda-feira (22) uma crian\u00e7a de cinco ano vinda da&hellip; <\/p>\n","protected":false},"author":1,"featured_media":89213,"comment_status":"closed","ping_status":"closed","sticky":false,"template":"","format":"standard","meta":{"sfsi_plus_gutenberg_text_before_share":"","sfsi_plus_gutenberg_show_text_before_share":"","sfsi_plus_gutenberg_icon_type":"","sfsi_plus_gutenberg_icon_alignemt":"","sfsi_plus_gutenburg_max_per_row":"","footnotes":""},"categories":[16],"tags":[],"class_list":["post-92591","post","type-post","status-publish","format-standard","has-post-thumbnail","hentry","category-saude"],"_links":{"self":[{"href":"https:\/\/www.caririemacao.com\/1\/wp-json\/wp\/v2\/posts\/92591","targetHints":{"allow":["GET"]}}],"collection":[{"href":"https:\/\/www.caririemacao.com\/1\/wp-json\/wp\/v2\/posts"}],"about":[{"href":"https:\/\/www.caririemacao.com\/1\/wp-json\/wp\/v2\/types\/post"}],"author":[{"embeddable":true,"href":"https:\/\/www.caririemacao.com\/1\/wp-json\/wp\/v2\/users\/1"}],"replies":[{"embeddable":true,"href":"https:\/\/www.caririemacao.com\/1\/wp-json\/wp\/v2\/comments?post=92591"}],"version-history":[{"count":1,"href":"https:\/\/www.caririemacao.com\/1\/wp-json\/wp\/v2\/posts\/92591\/revisions"}],"predecessor-version":[{"id":92592,"href":"https:\/\/www.caririemacao.com\/1\/wp-json\/wp\/v2\/posts\/92591\/revisions\/92592"}],"wp:featuredmedia":[{"embeddable":true,"href":"https:\/\/www.caririemacao.com\/1\/wp-json\/wp\/v2\/media\/89213"}],"wp:attachment":[{"href":"https:\/\/www.caririemacao.com\/1\/wp-json\/wp\/v2\/media?parent=92591"}],"wp:term":[{"taxonomy":"category","embeddable":true,"href":"https:\/\/www.caririemacao.com\/1\/wp-json\/wp\/v2\/categories?post=92591"},{"taxonomy":"post_tag","embeddable":true,"href":"https:\/\/www.caririemacao.com\/1\/wp-json\/wp\/v2\/tags?post=92591"}],"curies":[{"name":"wp","href":"https:\/\/api.w.org\/{rel}","templated":true}]}}