{"id":92598,"date":"2019-04-23T16:40:33","date_gmt":"2019-04-23T19:40:33","guid":{"rendered":"http:\/\/www.caririemacao.com\/1\/?p=92598"},"modified":"2019-04-23T16:40:33","modified_gmt":"2019-04-23T19:40:33","slug":"prefeitura-de-monteiro-da-inicio-a-entrega-dos-carnes-do-iptu-2019","status":"publish","type":"post","link":"https:\/\/www.caririemacao.com\/1\/2019\/04\/23\/prefeitura-de-monteiro-da-inicio-a-entrega-dos-carnes-do-iptu-2019\/","title":{"rendered":"Prefeitura de Monteiro d\u00e1 in\u00edcio \u00e0 entrega dos carn\u00eas do IPTU 2019"},"content":{"rendered":"\n<div class=\"wp-block-image\"><figure class=\"alignleft\"><img decoding=\"async\" data-src=\"https:\/\/i1.wp.com\/www.vitrinedocariri.com.br\/wp-content\/uploads\/2019\/04\/IPTU-2019-300x300.jpeg\" alt=\"\" class=\"wp-image-41604 lazyload\" src=\"data:image\/svg+xml;base64,PHN2ZyB3aWR0aD0iMSIgaGVpZ2h0PSIxIiB4bWxucz0iaHR0cDovL3d3dy53My5vcmcvMjAwMC9zdmciPjwvc3ZnPg==\" style=\"--smush-placeholder-width: 300px; --smush-placeholder-aspect-ratio: 300\/300;\" \/><\/figure><\/div>\n\n\n\n<p>A Prefeitura Municipal de Monteiro d\u00e1 in\u00edcio nesta quarta-feira, 24, a entrega dos carn\u00eas do Imposto Predial e Territorial Urbano \u2013 IPTU 2019.<\/p>\n\n\n\n<p>Os contribuintes t\u00eam at\u00e9 o vencimento que \u00e9 dia 31 de Maio para pagar em parcela \u00fanica com o desconto de 20%. Ap\u00f3s a data, o valor cobrado ser\u00e1 o integral.<\/p>\n\n\n\n<p>O IPTU \u00e9 uma das principais fontes de receitas pr\u00f3prias do munic\u00edpio e o dinheiro arrecadado \u00e9 totalmente revertido para a popula\u00e7\u00e3o monteirense em forma de obras e servi\u00e7os, a exemplo de pavimenta\u00e7\u00e3o de ruas, manuten\u00e7\u00e3o dos servi\u00e7os de limpeza, constru\u00e7\u00e3o e reforma de pra\u00e7as, entre outras melhorias realizadas na \u00e1rea urbana do munic\u00edpio, bem como servi\u00e7os de sa\u00fade, educa\u00e7\u00e3o e a\u00e7\u00f5es sociais.<\/p>\n\n\n\n<p>O IPTU \u00e9 calculado a partir de al\u00edquota (definida por lei) que pode ser alterada a cada ano. \u00c9 pago sobre toda propriedade urbana, seja ela im\u00f3vel edificado (casas e apartamentos) ou terreno sem qualquer benfeitoria. O imposto anualmente pago pelo contribuinte \u00e9 calculado sobre o chamado valor venal do im\u00f3vel (valor de venda).<\/p>\n\n\n\n<p>Visando uma maior comodidade aos cidad\u00e3os que possuem im\u00f3vel em Monteiro, a Prefeitura Municipal tamb\u00e9m disponibiliza a impress\u00e3o do boleto do IPTU atrav\u00e9s do site oficial da Prefeitura.<\/p>\n\n\n\n<p>A comodidade atende \u00e0queles n\u00e3o residem ou n\u00e3o tem como obter o boleto que \u00e9 enviado para cada resid\u00eancia. Para imprimir o boleto basta acessar o site da prefeitura www.monteiro.gov.br e clicar no banner lateral IPTU&nbsp; ou no link: http:\/\/portaldocontribuinte.publicsoft.com.br\/sistemas\/PortalDoContribuinte\/views\/?url=Boletos\/pesquisarBoletosIptu.php#frameContent<\/p>\n\n\n\n<p>O processo pode ser feito tanto por meio do computador, tablet e at\u00e9 mesmo via celular. O que facilita tamb\u00e9m o pagamento atrav\u00e9s do internet banking (pagamento via aplicativos banc\u00e1rios).<\/p>\n\n\n\n<p>A praticidade serve para que todos possam pagar a cota em tempo h\u00e1bil, recebendo assim o desconto para o pagamento at\u00e9 o vencimento.<\/p>\n","protected":false},"excerpt":{"rendered":"<p>A Prefeitura Municipal de Monteiro d\u00e1 in\u00edcio nesta quarta-feira, 24, a entrega dos carn\u00eas do Imposto Predial e Territorial Urbano \u2013 IPTU 2019. Os contribuintes&hellip; <\/p>\n","protected":false},"author":1,"featured_media":92599,"comment_status":"closed","ping_status":"closed","sticky":false,"template":"","format":"standard","meta":{"sfsi_plus_gutenberg_text_before_share":"","sfsi_plus_gutenberg_show_text_before_share":"","sfsi_plus_gutenberg_icon_type":"","sfsi_plus_gutenberg_icon_alignemt":"","sfsi_plus_gutenburg_max_per_row":"","footnotes":""},"categories":[6],"tags":[],"class_list":["post-92598","post","type-post","status-publish","format-standard","has-post-thumbnail","hentry","category-cidades"],"_links":{"self":[{"href":"https:\/\/www.caririemacao.com\/1\/wp-json\/wp\/v2\/posts\/92598","targetHints":{"allow":["GET"]}}],"collection":[{"href":"https:\/\/www.caririemacao.com\/1\/wp-json\/wp\/v2\/posts"}],"about":[{"href":"https:\/\/www.caririemacao.com\/1\/wp-json\/wp\/v2\/types\/post"}],"author":[{"embeddable":true,"href":"https:\/\/www.caririemacao.com\/1\/wp-json\/wp\/v2\/users\/1"}],"replies":[{"embeddable":true,"href":"https:\/\/www.caririemacao.com\/1\/wp-json\/wp\/v2\/comments?post=92598"}],"version-history":[{"count":1,"href":"https:\/\/www.caririemacao.com\/1\/wp-json\/wp\/v2\/posts\/92598\/revisions"}],"predecessor-version":[{"id":92600,"href":"https:\/\/www.caririemacao.com\/1\/wp-json\/wp\/v2\/posts\/92598\/revisions\/92600"}],"wp:featuredmedia":[{"embeddable":true,"href":"https:\/\/www.caririemacao.com\/1\/wp-json\/wp\/v2\/media\/92599"}],"wp:attachment":[{"href":"https:\/\/www.caririemacao.com\/1\/wp-json\/wp\/v2\/media?parent=92598"}],"wp:term":[{"taxonomy":"category","embeddable":true,"href":"https:\/\/www.caririemacao.com\/1\/wp-json\/wp\/v2\/categories?post=92598"},{"taxonomy":"post_tag","embeddable":true,"href":"https:\/\/www.caririemacao.com\/1\/wp-json\/wp\/v2\/tags?post=92598"}],"curies":[{"name":"wp","href":"https:\/\/api.w.org\/{rel}","templated":true}]}}