{"id":92607,"date":"2019-04-23T16:59:33","date_gmt":"2019-04-23T19:59:33","guid":{"rendered":"http:\/\/www.caririemacao.com\/1\/?p=92607"},"modified":"2019-04-23T16:59:33","modified_gmt":"2019-04-23T19:59:33","slug":"sebrae-reunira-empreendedores-do-cariri-para-formacao-de-comite-local-de-inovacao","status":"publish","type":"post","link":"https:\/\/www.caririemacao.com\/1\/2019\/04\/23\/sebrae-reunira-empreendedores-do-cariri-para-formacao-de-comite-local-de-inovacao\/","title":{"rendered":"Sebrae reunir\u00e1 empreendedores do Cariri para Forma\u00e7\u00e3o de Comit\u00ea Local de Inova\u00e7\u00e3o"},"content":{"rendered":"\n<p>Na pr\u00f3xima quinta-feira (25\/04), acontecer\u00e1 no audit\u00f3rio da Secretaria de Educa\u00e7\u00e3o em Sum\u00e9, de 07h \u00e0s 10h, uma reuni\u00e3o para a cria\u00e7\u00e3o do Comit\u00ea Local de Inova\u00e7\u00e3o do Cariri Ocidental Paraibano, que contempla as cidades atendidas pelo Sebrae-PB.<br>\nO evento faz parte do Projeto Sebrae &#8211; I balaio, que tem como est\u00e1gio inicial a cria\u00e7\u00e3o de um comit\u00ea em todas as regi\u00f5es do estado da Para\u00edba para a cria\u00e7\u00e3o de ecossistema local. O projeto busca a inova\u00e7\u00e3o para todo o Estado com ideias empreendedoras em todos os ramos da economia.<br>\nNa oportunidade ser\u00e3o apresentados v\u00eddeos que trazem ideias de inova\u00e7\u00e3o, e depoimentos pessoais de empreendedores do munic\u00edpio que est\u00e3o ligados ao Sebrae. <br>\nEstar\u00e3o presentes Madalena Arruda, do Sebrae Monteiro, empres\u00e1rios de Sum\u00e9 e cidades do Cariri, estudantes universit\u00e1rios e representantes da Sala do Empreendedor do munic\u00edpio de Sum\u00e9.<br>\nJovens empreendedores do Cariri podem participar e comerciantes de todos os segmentos.<br>\nAscom <\/p>\n","protected":false},"excerpt":{"rendered":"<p>Na pr\u00f3xima quinta-feira (25\/04), acontecer\u00e1 no audit\u00f3rio da Secretaria de Educa\u00e7\u00e3o em Sum\u00e9, de 07h \u00e0s 10h, uma reuni\u00e3o para a cria\u00e7\u00e3o do Comit\u00ea Local&hellip; <\/p>\n","protected":false},"author":1,"featured_media":92608,"comment_status":"closed","ping_status":"closed","sticky":false,"template":"","format":"standard","meta":{"sfsi_plus_gutenberg_text_before_share":"","sfsi_plus_gutenberg_show_text_before_share":"","sfsi_plus_gutenberg_icon_type":"","sfsi_plus_gutenberg_icon_alignemt":"","sfsi_plus_gutenburg_max_per_row":"","footnotes":""},"categories":[6],"tags":[],"class_list":["post-92607","post","type-post","status-publish","format-standard","has-post-thumbnail","hentry","category-cidades"],"_links":{"self":[{"href":"https:\/\/www.caririemacao.com\/1\/wp-json\/wp\/v2\/posts\/92607","targetHints":{"allow":["GET"]}}],"collection":[{"href":"https:\/\/www.caririemacao.com\/1\/wp-json\/wp\/v2\/posts"}],"about":[{"href":"https:\/\/www.caririemacao.com\/1\/wp-json\/wp\/v2\/types\/post"}],"author":[{"embeddable":true,"href":"https:\/\/www.caririemacao.com\/1\/wp-json\/wp\/v2\/users\/1"}],"replies":[{"embeddable":true,"href":"https:\/\/www.caririemacao.com\/1\/wp-json\/wp\/v2\/comments?post=92607"}],"version-history":[{"count":1,"href":"https:\/\/www.caririemacao.com\/1\/wp-json\/wp\/v2\/posts\/92607\/revisions"}],"predecessor-version":[{"id":92609,"href":"https:\/\/www.caririemacao.com\/1\/wp-json\/wp\/v2\/posts\/92607\/revisions\/92609"}],"wp:featuredmedia":[{"embeddable":true,"href":"https:\/\/www.caririemacao.com\/1\/wp-json\/wp\/v2\/media\/92608"}],"wp:attachment":[{"href":"https:\/\/www.caririemacao.com\/1\/wp-json\/wp\/v2\/media?parent=92607"}],"wp:term":[{"taxonomy":"category","embeddable":true,"href":"https:\/\/www.caririemacao.com\/1\/wp-json\/wp\/v2\/categories?post=92607"},{"taxonomy":"post_tag","embeddable":true,"href":"https:\/\/www.caririemacao.com\/1\/wp-json\/wp\/v2\/tags?post=92607"}],"curies":[{"name":"wp","href":"https:\/\/api.w.org\/{rel}","templated":true}]}}