{"id":92612,"date":"2019-04-23T17:01:50","date_gmt":"2019-04-23T20:01:50","guid":{"rendered":"http:\/\/www.caririemacao.com\/1\/?p=92612"},"modified":"2019-04-23T17:01:50","modified_gmt":"2019-04-23T20:01:50","slug":"abril-verde-prefeitura-de-sume-realiza-palestra-sobre-saude-do-trabalhador","status":"publish","type":"post","link":"https:\/\/www.caririemacao.com\/1\/2019\/04\/23\/abril-verde-prefeitura-de-sume-realiza-palestra-sobre-saude-do-trabalhador\/","title":{"rendered":"Abril Verde: Prefeitura de Sum\u00e9 realiza palestra sobre Sa\u00fade do Trabalhador"},"content":{"rendered":"\n<p>O evento ocorreu, nessa segunda-feira (22), na Secretaria Municipal de Educa\u00e7\u00e3o (SEDUC).\u00a0 Rafael Silva, representante do Centro de Refer\u00eancia Regional em Sa\u00fade do Trabalhador de Campina Grande, (CEREST), discorreu sobre o tema proposto para uma plateia formada por servidores da Secretaria de Obras, Agentes Comunit\u00e1rios de Sa\u00fade e Agentes de Endemias do munic\u00edpio.<\/p>\n\n\n\n<p>A Campanha visa sensibilizar a popula\u00e7\u00e3o quanto \u00e0 import\u00e2ncia da preven\u00e7\u00e3o de acidentes do trabalho e doen\u00e7as ocupacionais.<\/p>\n\n\n\n<p>A programa\u00e7\u00e3o segue at\u00e9 o pr\u00f3ximo dia 25, quando ocorrer\u00e1 a palestra \u201cSeguran\u00e7a do Trabalho e Atua\u00e7\u00e3o do Minist\u00e9rio P\u00fablico\u201d, com o procurador do Minist\u00e9rio P\u00fablico do Trabalho, Raulino Maracaj\u00e1, \u00e0s 16h, no audit\u00f3rio da Seduc. Est\u00e3o convidados a participar comerciantes, CDL e estudantes do curso de Seguran\u00e7a do Trabalho.<\/p>\n\n\n\n<p>No mesmo dia tamb\u00e9m haver\u00e1 palestra, \u00e0s 13h, com profissionais da Sa\u00fade do munic\u00edpio para os servi\u00e7os socioassistenciais.<\/p>\n\n\n\n<p>No Brasil, a cada 48 segundos ocorre um acidente de trabalho. Segundo o Observat\u00f3rio Digital de Sa\u00fade e Seguran\u00e7a do Trabalho, entre 2012 e 2017, o pa\u00eds registrou neste per\u00edodo 3,8 milh\u00f5es de acidentes de trabalho.<\/p>\n\n\n\n<p>Foi pensando nisso que a Prefeitura de Sum\u00e9 promoveu a campanha Abril Verde para que os \u00f3rg\u00e3os e todos os envolvidos com a quest\u00e3o planejem a\u00e7\u00f5es de preven\u00e7\u00e3o, visando reduzir a ocorr\u00eancia de acidentes e doen\u00e7as relacionadas ao trabalho no munic\u00edpio.<\/p>\n\n\n\n<p>Ascom<\/p>\n","protected":false},"excerpt":{"rendered":"<p>O evento ocorreu, nessa segunda-feira (22), na Secretaria Municipal de Educa\u00e7\u00e3o (SEDUC).\u00a0 Rafael Silva, representante do Centro de Refer\u00eancia Regional em Sa\u00fade do Trabalhador de&hellip; <\/p>\n","protected":false},"author":1,"featured_media":92613,"comment_status":"closed","ping_status":"closed","sticky":false,"template":"","format":"standard","meta":{"sfsi_plus_gutenberg_text_before_share":"","sfsi_plus_gutenberg_show_text_before_share":"","sfsi_plus_gutenberg_icon_type":"","sfsi_plus_gutenberg_icon_alignemt":"","sfsi_plus_gutenburg_max_per_row":"","footnotes":""},"categories":[14],"tags":[],"class_list":["post-92612","post","type-post","status-publish","format-standard","has-post-thumbnail","hentry","category-educacao"],"_links":{"self":[{"href":"https:\/\/www.caririemacao.com\/1\/wp-json\/wp\/v2\/posts\/92612","targetHints":{"allow":["GET"]}}],"collection":[{"href":"https:\/\/www.caririemacao.com\/1\/wp-json\/wp\/v2\/posts"}],"about":[{"href":"https:\/\/www.caririemacao.com\/1\/wp-json\/wp\/v2\/types\/post"}],"author":[{"embeddable":true,"href":"https:\/\/www.caririemacao.com\/1\/wp-json\/wp\/v2\/users\/1"}],"replies":[{"embeddable":true,"href":"https:\/\/www.caririemacao.com\/1\/wp-json\/wp\/v2\/comments?post=92612"}],"version-history":[{"count":1,"href":"https:\/\/www.caririemacao.com\/1\/wp-json\/wp\/v2\/posts\/92612\/revisions"}],"predecessor-version":[{"id":92614,"href":"https:\/\/www.caririemacao.com\/1\/wp-json\/wp\/v2\/posts\/92612\/revisions\/92614"}],"wp:featuredmedia":[{"embeddable":true,"href":"https:\/\/www.caririemacao.com\/1\/wp-json\/wp\/v2\/media\/92613"}],"wp:attachment":[{"href":"https:\/\/www.caririemacao.com\/1\/wp-json\/wp\/v2\/media?parent=92612"}],"wp:term":[{"taxonomy":"category","embeddable":true,"href":"https:\/\/www.caririemacao.com\/1\/wp-json\/wp\/v2\/categories?post=92612"},{"taxonomy":"post_tag","embeddable":true,"href":"https:\/\/www.caririemacao.com\/1\/wp-json\/wp\/v2\/tags?post=92612"}],"curies":[{"name":"wp","href":"https:\/\/api.w.org\/{rel}","templated":true}]}}