{"id":92946,"date":"2019-04-26T13:14:28","date_gmt":"2019-04-26T16:14:28","guid":{"rendered":"http:\/\/www.caririemacao.com\/1\/?p=92946"},"modified":"2019-04-26T13:14:28","modified_gmt":"2019-04-26T16:14:28","slug":"divulgado-resultado-final-do-processo-seletivo-04-da-secretaria-de-saude","status":"publish","type":"post","link":"https:\/\/www.caririemacao.com\/1\/2019\/04\/26\/divulgado-resultado-final-do-processo-seletivo-04-da-secretaria-de-saude\/","title":{"rendered":"Divulgado RESULTADO FINAL do Processo Seletivo 04 da Secretaria de Sa\u00fade"},"content":{"rendered":"\n<p>A Comiss\u00e3o Organizadora de Realiza\u00e7\u00e3o, Fiscaliza\u00e7\u00e3o e Acompanhamento do Processo Seletivo Simplificado, nomeada atrav\u00e9s da Portaria n\u00ba 5.716\/2019, publicada no Boletim Oficial do Munic\u00edpio, no dia 15 de mar\u00e7o de 2019, com vistas \u00e0 contrata\u00e7\u00e3o por tempo determinado, para atender \u00e0s necessidades de excepcional interesse p\u00fablico do Munic\u00edpio de Sum\u00e9-Estado da Para\u00edba, ap\u00f3s decidir sobre os recursos interpostos, torna p\u00fablico o&nbsp;<strong>RESULTADO FINAL DO PROCESSO SELETIVO SIMPLIFICADO N\u00ba 04\/2019,<\/strong>&nbsp;conforme descriminado abaixo:<\/p>\n\n\n\n<table class=\"wp-block-table\"><tbody><tr><td><strong>M\u00c9DICO DO PSF<\/strong><\/td><\/tr><tr><td><strong>SEM INSCRITOS<\/strong><\/td><\/tr><\/tbody><\/table>\n\n\n\n<table class=\"wp-block-table\"><tbody><tr><td><strong>M\u00c9DICO PSIQUIATRA<\/strong><\/td><\/tr><tr><td><strong>SEM INSCRITOS<\/strong><\/td><\/tr><\/tbody><\/table>\n\n\n\n<table class=\"wp-block-table\"><tbody><tr><td><strong>M\u00c9DICO PLANTONISTA<\/strong><\/td><\/tr><tr><td><strong>N\u00ba DE INSCRI\u00c7\u00c3O<\/strong><\/td><td><strong>CANDIDATO<\/strong><\/td><td><strong>PONTUA\u00c7\u00c3O<\/strong><\/td><td><strong>POSI\u00c7\u00c3O<\/strong><\/td><td><strong>SITUA\u00c7\u00c3O<\/strong><\/td><\/tr><tr><td>11\/2019<\/td><td>ALDERLEIDE LINO BRAZ DE MAC\u00caDO<\/td><td>0,92<\/td><td>1\u00aa<\/td><td>APROVADA<\/td><\/tr><\/tbody><\/table>\n\n\n\n<table class=\"wp-block-table\"><tbody><tr><td><strong>CIRURGI\u00c3O DENTISTA<\/strong><\/td><\/tr><tr><td><strong>N\u00ba DE INSCRI\u00c7\u00c3O<\/strong><\/td><td><strong>CANDIDATO<\/strong><\/td><td><strong>PONTUA\u00c7\u00c3O<\/strong><\/td><td><strong>POSI\u00c7\u00c3O<\/strong><\/td><td><strong>SITUA\u00c7\u00c3O<\/strong><\/td><\/tr><tr><td>05\/2019<\/td><td>ELAINE CRISTINA DA SILVA<\/td><td>5,0<\/td><td>1\u00aa<\/td><td>APROVADA<\/td><\/tr><tr><td>10\/2019<\/td><td>ISOLDA MIRELLE DE LIMA FERREIRA PRATA<\/td><td>4,5<\/td><td>2\u00aa<\/td><td>CLASSIFICADA<\/td><\/tr><tr><td>12\/2019<\/td><td>BRUNA DE SIQUEIRA NUNES<\/td><td>2,0<\/td><td>3\u00aa<\/td><td>CLASSIFICADA<\/td><\/tr><tr><td>03\/2019<\/td><td>SAYONARA ANDR\u00c9 DE ALMEIRA LOPES<\/td><td>1,42<\/td><td>4\u00aa<\/td><td>CLASSIFICADA<\/td><\/tr><\/tbody><\/table>\n\n\n\n<table class=\"wp-block-table\"><tbody><tr><td><strong>CIRURGI\u00c3O BUCO MAX\u00cdLO<\/strong><\/td><\/tr><tr><td><strong>N\u00ba DE INSCRI\u00c7\u00c3O<\/strong><\/td><td><strong>CANDIDATO<\/strong><\/td><td><strong>PONTUA\u00c7\u00c3O<\/strong><\/td><td><strong>POSI\u00c7\u00c3O<\/strong><\/td><td><strong>SITUA\u00c7\u00c3O<\/strong><\/td><\/tr><tr><td>08\/2019<\/td><td>DARLAN AMADOR DE MOURA<\/td><td>4,5<\/td><td>1\u00ba<\/td><td>APROVADO<\/td><\/tr><tr><td>01\/2019<\/td><td>EUG\u00caNIO MIGUEL SANTOMAURO VAZ<\/td><td>4,0<\/td><td>2\u00ba<\/td><td>CLASSIFICADO<\/td><\/tr><\/tbody><\/table>\n\n\n\n<table class=\"wp-block-table\"><tbody><tr><td><strong>EDUCADOR F\u00cdSICO<\/strong><\/td><\/tr><tr><td><strong>N\u00ba DE INSCRI\u00c7\u00c3O<\/strong><\/td><td><strong>CANDIDATO<\/strong><\/td><td><strong>PONTUA\u00c7\u00c3O<\/strong><\/td><td><strong>POSI\u00c7\u00c3O<\/strong><\/td><td><strong>SITUA\u00c7\u00c3O<\/strong><\/td><\/tr><tr><td>06\/2019<\/td><td>CAIO HENRIQUE NUNES DA SILVA<\/td><td>1,0<\/td><td>1\u00ba<\/td><td>APROVADO<\/td><\/tr><\/tbody><\/table>\n\n\n\n<table class=\"wp-block-table\"><tbody><tr><td><strong>TERAPEUTA EDUCACIONAL<\/strong><\/td><\/tr><tr><td><strong>N\u00ba DE INSCRI\u00c7\u00c3O<\/strong><\/td><td><strong>CANDIDATO<\/strong><\/td><td><strong>PONTUA\u00c7\u00c3O<\/strong><\/td><td><strong>POSI\u00c7\u00c3O<\/strong><\/td><td><strong>SITUA\u00c7\u00c3O<\/strong><\/td><\/tr><tr><td>04\/2019<\/td><td>THAIS ALVES DE SOUSA<\/td><td>3,0<\/td><td>1\u00aa<\/td><td>APROVADA<\/td><\/tr><tr><td>13\/2019<\/td><td>THAYSE SAMARA GALDINO ARA\u00daJO<\/td><td>0,5<\/td><td>2\u00aa<\/td><td>CLASSIFICADA<\/td><\/tr><tr><\/tr><\/tbody><\/table>\n\n\n\n<table class=\"wp-block-table\"><tbody><tr><td><strong>FACILITADOR DE ARTESANATO<\/strong><\/td><\/tr><tr><td><strong>N\u00ba DE INSCRI\u00c7\u00c3O<\/strong><\/td><td><strong>CANDIDATO<\/strong><\/td><td><strong>PONTUA\u00c7\u00c3O<\/strong><\/td><td><strong>POSI\u00c7\u00c3O<\/strong><\/td><td><strong>SITUA\u00c7\u00c3O<\/strong><\/td><\/tr><tr><td>07\/2019<\/td><td>ALEXANDRE LIMEIRA DA SILVA<\/td><td>2,58<\/td><td>1\u00ba<\/td><td>APROVADO<\/td><\/tr><tr><td>09\/2019<\/td><td>RANIELI BATISTA DA SILVA<\/td><td>2,0<\/td><td>2\u00aa<\/td><td>CLASSIFICADA<\/td><\/tr><tr><td>02\/2019<\/td><td>W\u00caLLIDA PAULA BARBOSA DA COSTA<\/td><td>0,5<\/td><td>3\u00aa<\/td><td>CLASSIFICADA<\/td><\/tr><\/tbody><\/table>\n\n\n\n<p>Ascom<\/p>\n","protected":false},"excerpt":{"rendered":"<p>A Comiss\u00e3o Organizadora de Realiza\u00e7\u00e3o, Fiscaliza\u00e7\u00e3o e Acompanhamento do Processo Seletivo Simplificado, nomeada atrav\u00e9s da Portaria n\u00ba 5.716\/2019, publicada no Boletim Oficial do Munic\u00edpio, no&hellip; <\/p>\n","protected":false},"author":1,"featured_media":47467,"comment_status":"closed","ping_status":"closed","sticky":false,"template":"","format":"standard","meta":{"sfsi_plus_gutenberg_text_before_share":"","sfsi_plus_gutenberg_show_text_before_share":"","sfsi_plus_gutenberg_icon_type":"","sfsi_plus_gutenberg_icon_alignemt":"","sfsi_plus_gutenburg_max_per_row":"","footnotes":""},"categories":[6],"tags":[],"class_list":["post-92946","post","type-post","status-publish","format-standard","has-post-thumbnail","hentry","category-cidades"],"_links":{"self":[{"href":"https:\/\/www.caririemacao.com\/1\/wp-json\/wp\/v2\/posts\/92946","targetHints":{"allow":["GET"]}}],"collection":[{"href":"https:\/\/www.caririemacao.com\/1\/wp-json\/wp\/v2\/posts"}],"about":[{"href":"https:\/\/www.caririemacao.com\/1\/wp-json\/wp\/v2\/types\/post"}],"author":[{"embeddable":true,"href":"https:\/\/www.caririemacao.com\/1\/wp-json\/wp\/v2\/users\/1"}],"replies":[{"embeddable":true,"href":"https:\/\/www.caririemacao.com\/1\/wp-json\/wp\/v2\/comments?post=92946"}],"version-history":[{"count":1,"href":"https:\/\/www.caririemacao.com\/1\/wp-json\/wp\/v2\/posts\/92946\/revisions"}],"predecessor-version":[{"id":92947,"href":"https:\/\/www.caririemacao.com\/1\/wp-json\/wp\/v2\/posts\/92946\/revisions\/92947"}],"wp:featuredmedia":[{"embeddable":true,"href":"https:\/\/www.caririemacao.com\/1\/wp-json\/wp\/v2\/media\/47467"}],"wp:attachment":[{"href":"https:\/\/www.caririemacao.com\/1\/wp-json\/wp\/v2\/media?parent=92946"}],"wp:term":[{"taxonomy":"category","embeddable":true,"href":"https:\/\/www.caririemacao.com\/1\/wp-json\/wp\/v2\/categories?post=92946"},{"taxonomy":"post_tag","embeddable":true,"href":"https:\/\/www.caririemacao.com\/1\/wp-json\/wp\/v2\/tags?post=92946"}],"curies":[{"name":"wp","href":"https:\/\/api.w.org\/{rel}","templated":true}]}}