{"id":92956,"date":"2019-04-26T13:39:10","date_gmt":"2019-04-26T16:39:10","guid":{"rendered":"http:\/\/www.caririemacao.com\/1\/?p=92956"},"modified":"2019-04-26T13:39:10","modified_gmt":"2019-04-26T16:39:10","slug":"frente-norte-e-nordeste-pela-educacao-e-lancada-em-campina-grande","status":"publish","type":"post","link":"https:\/\/www.caririemacao.com\/1\/2019\/04\/26\/frente-norte-e-nordeste-pela-educacao-e-lancada-em-campina-grande\/","title":{"rendered":"\u201cFrente Norte e Nordeste pela Educa\u00e7\u00e3o\u201d \u00e9 lan\u00e7ada em Campina Grande"},"content":{"rendered":"\n<p><br>Acontece em Campina Grande nesta sexta-feira, 26, o lan\u00e7amento da \u201cFrente Norte e Nordeste pela Educa\u00e7\u00e3o\u201d, em defesa do novo Fundo de Manuten\u00e7\u00e3o e Desenvolvimento da Educa\u00e7\u00e3o B\u00e1sica e de Valoriza\u00e7\u00e3o dos Profissionais da Educa\u00e7\u00e3o (Fundeb).<\/p>\n\n\n\n<p>O evento acontecer\u00e1 no audit\u00f3rio do Col\u00e9gio Damas, localizado no Centro da cidade, a partir das 14h.<\/p>\n\n\n\n<p>Conforme o presidente do Sindicato dos Servidores P\u00fablicos da Educa\u00e7\u00e3o do Estado do Cear\u00e1 (Apeoc) e da Federa\u00e7\u00e3o dos Trabalhadores na Educa\u00e7\u00e3o do Nordeste (Fetene), An\u00edzio Melo, as regi\u00f5es do Norte e do Nordeste sempre foram colocadas de lado nas grandes pol\u00edticas p\u00fablicas nacionais, e o Fundeb foi criado justamente para evitar essa segrega\u00e7\u00e3o.<\/p>\n\n\n\n<p>Segundo ele, com o Fundeb foi poss\u00edvel ter uma educa\u00e7\u00e3o de melhor qualidade nessas regi\u00f5es, com a melhoria nas escolas, a garantia do piso salarial, a garantia do transporte escolar, mas que isto termina agora em 2020 e que a manuten\u00e7\u00e3o do Fundo \u00e9 necess\u00e1ria.<\/p>\n\n\n\n<figure class=\"wp-block-image\"><img decoding=\"async\" data-src=\"https:\/\/paraibaonline.com.br\/wp-content\/uploads\/2017\/03\/fundeb.jpeg\" alt=\"\" class=\"wp-image-133805 lazyload\" src=\"data:image\/svg+xml;base64,PHN2ZyB3aWR0aD0iMSIgaGVpZ2h0PSIxIiB4bWxucz0iaHR0cDovL3d3dy53My5vcmcvMjAwMC9zdmciPjwvc3ZnPg==\" \/><\/figure>\n\n\n\n<p>Foto ilustrativa: Reprodu\u00e7\u00e3o<\/p>\n\n\n\n<p>O objetivo da Frente \u00e9 que o governo federal torne o Fundeb permanente, para que ele seja ampliado e com a transfer\u00eancia de recursos do pr\u00e9-sal.<\/p>\n\n\n\n<p>A manuten\u00e7\u00e3o do Fundeb depende da aprova\u00e7\u00e3o de uma Proposta de Emenda Constitucional (PEC).<\/p>\n\n\n\n<p>Em fevereiro deste ano, uma comiss\u00e3o especial foi criada na C\u00e2mara de Deputados para retomar o debate, mas depende agora da decis\u00e3o do presidente da C\u00e2mara, Rodrigo Maia (DEM-RJ).<\/p>\n\n\n\n<p>Conforme a professora Elizabeth Castelo Branco, presidente do Sindicato de Educa\u00e7\u00e3o do Maranh\u00e3o, o governo de Jair Bolsonaro n\u00e3o tem um plano de gest\u00e3o para a Educa\u00e7\u00e3o nacional e n\u00e3o h\u00e1 um posicionamento do Minist\u00e9rio da Educa\u00e7\u00e3o, que ainda n\u00e3o apresentou uma proposta em rela\u00e7\u00e3o ao Fundeb.<\/p>\n\n\n\n<p>Segundo ela, o movimento prop\u00f5e a cria\u00e7\u00e3o de Comiss\u00f5es e Frentes Parlamentares em todas as Assembleias Legislativas dos estados do Norte e do Nordeste, al\u00e9m das C\u00e2maras de Vereadores dos munic\u00edpios destas regi\u00f5es.<\/p>\n\n\n\n<p>Ainda frisou que o pa\u00eds precisa de um sistema de financiamento, principalmente no Norte e Nordeste, que garanta uma educa\u00e7\u00e3o p\u00fablica de qualidade.<\/p>\n\n\n\n<p>O lan\u00e7amento na Para\u00edba ter\u00e1 a participa\u00e7\u00e3o dos representantes da Confedera\u00e7\u00e3o Nacional dos Trabalhadores em Educa\u00e7\u00e3o (CNTE); do Sindicato dos Servidores P\u00fablicos da Educa\u00e7\u00e3o do Estado do Cear\u00e1 (Apeoc); da Federa\u00e7\u00e3o dos Trabalhadores no Servi\u00e7o P\u00fablico Municipal do Estado do Cear\u00e1 (Fetamce); do Sindicato \u00danico dos Trabalhadores em Educa\u00e7\u00e3o do Cear\u00e1 (Sindiute); dos Sindicatos dos Trabalhadores em Educa\u00e7\u00e3o da Rede P\u00fablica Municipal de Lauro de Freitas \u2013 Bahia (Asprolf); do Sindicato dos Trabalhadores em Educa\u00e7\u00e3o P\u00fablica do Par\u00e1 (Sintepp); do Sindicato dos Trabalhadores em Educa\u00e7\u00e3o de Alagoas (Sinteal); do Sindicato dos Profissionais do Magist\u00e9rio da Rede Municipal de S\u00e3o Lu\u00eds \u2013 Maranh\u00e3o (Sindeduca\u00e7\u00e3o).<\/p>\n","protected":false},"excerpt":{"rendered":"<p>Acontece em Campina Grande nesta sexta-feira, 26, o lan\u00e7amento da \u201cFrente Norte e Nordeste pela Educa\u00e7\u00e3o\u201d, em defesa do novo Fundo de Manuten\u00e7\u00e3o e Desenvolvimento&hellip; <\/p>\n","protected":false},"author":1,"featured_media":27129,"comment_status":"closed","ping_status":"closed","sticky":false,"template":"","format":"standard","meta":{"sfsi_plus_gutenberg_text_before_share":"","sfsi_plus_gutenberg_show_text_before_share":"","sfsi_plus_gutenberg_icon_type":"","sfsi_plus_gutenberg_icon_alignemt":"","sfsi_plus_gutenburg_max_per_row":"","footnotes":""},"categories":[14],"tags":[],"class_list":["post-92956","post","type-post","status-publish","format-standard","has-post-thumbnail","hentry","category-educacao"],"_links":{"self":[{"href":"https:\/\/www.caririemacao.com\/1\/wp-json\/wp\/v2\/posts\/92956","targetHints":{"allow":["GET"]}}],"collection":[{"href":"https:\/\/www.caririemacao.com\/1\/wp-json\/wp\/v2\/posts"}],"about":[{"href":"https:\/\/www.caririemacao.com\/1\/wp-json\/wp\/v2\/types\/post"}],"author":[{"embeddable":true,"href":"https:\/\/www.caririemacao.com\/1\/wp-json\/wp\/v2\/users\/1"}],"replies":[{"embeddable":true,"href":"https:\/\/www.caririemacao.com\/1\/wp-json\/wp\/v2\/comments?post=92956"}],"version-history":[{"count":1,"href":"https:\/\/www.caririemacao.com\/1\/wp-json\/wp\/v2\/posts\/92956\/revisions"}],"predecessor-version":[{"id":92957,"href":"https:\/\/www.caririemacao.com\/1\/wp-json\/wp\/v2\/posts\/92956\/revisions\/92957"}],"wp:featuredmedia":[{"embeddable":true,"href":"https:\/\/www.caririemacao.com\/1\/wp-json\/wp\/v2\/media\/27129"}],"wp:attachment":[{"href":"https:\/\/www.caririemacao.com\/1\/wp-json\/wp\/v2\/media?parent=92956"}],"wp:term":[{"taxonomy":"category","embeddable":true,"href":"https:\/\/www.caririemacao.com\/1\/wp-json\/wp\/v2\/categories?post=92956"},{"taxonomy":"post_tag","embeddable":true,"href":"https:\/\/www.caririemacao.com\/1\/wp-json\/wp\/v2\/tags?post=92956"}],"curies":[{"name":"wp","href":"https:\/\/api.w.org\/{rel}","templated":true}]}}