{"id":92959,"date":"2019-04-26T13:42:26","date_gmt":"2019-04-26T16:42:26","guid":{"rendered":"http:\/\/www.caririemacao.com\/1\/?p=92959"},"modified":"2019-04-26T13:42:26","modified_gmt":"2019-04-26T16:42:26","slug":"lula-concede-entrevista-a-folha-e-el-pais-e-publicacao-sera-feita-no-final-desta-sexta-feira","status":"publish","type":"post","link":"https:\/\/www.caririemacao.com\/1\/2019\/04\/26\/lula-concede-entrevista-a-folha-e-el-pais-e-publicacao-sera-feita-no-final-desta-sexta-feira\/","title":{"rendered":"Lula concede entrevista \u00e0 Folha e El Pa\u00eds e publica\u00e7\u00e3o ser\u00e1 feita no final desta sexta-feira"},"content":{"rendered":"\n<p>A entrevista com o ex-presidente Luiz In\u00e1cio Lula da Silva aos jornais Folha de S. Paulo e El Pa\u00eds feita nesta manh\u00e3 ir\u00e1 ao ar ainda nesta sexta-feira.&nbsp;&nbsp;A entrevista \u00e9 aguardada por todo o mundo por ser a primeira que Lula concede ap\u00f3s um ano de pris\u00e3o.&nbsp;O petista foi entrevistado pelos&nbsp;jornalistas Florestan Fernandes (El Pa\u00eds) e Monica Bergamo (Folha) depois de oito meses de espera.<\/p>\n\n\n\n<p>A entrevista estava programada para setembro de 2018, mas, na \u00e9poca, o ex-presidente foi censurado pelo ministro Luiz Fux, do Supremo Tribunal Federal (STF), por\u00e9m, na semana passada, o presidente da corte Dias Toffoli autorizou a conversa.<br><\/p>\n\n\n\n<p>A Pol\u00edcia Federal do Paran\u00e1, que det\u00e9m a custodia do ex-presidente, tentou ampliar a decis\u00e3o do STF convidando mais jornalistas para uma esp\u00e9cie de \u201cshow de audit\u00f3rio\u201d enquanto Lula fosse entrevistado. Entretanto, Folha e El Pa\u00eds reclamaram ao Supremo e o ministro Ricardo Lewandowski mandou a PF restringir a entrevista aos dois \u00f3rg\u00e3os de imprensa, al\u00e9m, \u00e9 claro, de atender ao desejo do entrevistado de falar apenas com Florestan Fernandes e Monica Bergamo.<\/p>\n","protected":false},"excerpt":{"rendered":"<p>A entrevista com o ex-presidente Luiz In\u00e1cio Lula da Silva aos jornais Folha de S. Paulo e El Pa\u00eds feita nesta manh\u00e3 ir\u00e1 ao ar&hellip; <\/p>\n","protected":false},"author":1,"featured_media":63728,"comment_status":"closed","ping_status":"closed","sticky":false,"template":"","format":"standard","meta":{"sfsi_plus_gutenberg_text_before_share":"","sfsi_plus_gutenberg_show_text_before_share":"","sfsi_plus_gutenberg_icon_type":"","sfsi_plus_gutenberg_icon_alignemt":"","sfsi_plus_gutenburg_max_per_row":"","footnotes":""},"categories":[11],"tags":[],"class_list":["post-92959","post","type-post","status-publish","format-standard","has-post-thumbnail","hentry","category-politica"],"_links":{"self":[{"href":"https:\/\/www.caririemacao.com\/1\/wp-json\/wp\/v2\/posts\/92959","targetHints":{"allow":["GET"]}}],"collection":[{"href":"https:\/\/www.caririemacao.com\/1\/wp-json\/wp\/v2\/posts"}],"about":[{"href":"https:\/\/www.caririemacao.com\/1\/wp-json\/wp\/v2\/types\/post"}],"author":[{"embeddable":true,"href":"https:\/\/www.caririemacao.com\/1\/wp-json\/wp\/v2\/users\/1"}],"replies":[{"embeddable":true,"href":"https:\/\/www.caririemacao.com\/1\/wp-json\/wp\/v2\/comments?post=92959"}],"version-history":[{"count":1,"href":"https:\/\/www.caririemacao.com\/1\/wp-json\/wp\/v2\/posts\/92959\/revisions"}],"predecessor-version":[{"id":92960,"href":"https:\/\/www.caririemacao.com\/1\/wp-json\/wp\/v2\/posts\/92959\/revisions\/92960"}],"wp:featuredmedia":[{"embeddable":true,"href":"https:\/\/www.caririemacao.com\/1\/wp-json\/wp\/v2\/media\/63728"}],"wp:attachment":[{"href":"https:\/\/www.caririemacao.com\/1\/wp-json\/wp\/v2\/media?parent=92959"}],"wp:term":[{"taxonomy":"category","embeddable":true,"href":"https:\/\/www.caririemacao.com\/1\/wp-json\/wp\/v2\/categories?post=92959"},{"taxonomy":"post_tag","embeddable":true,"href":"https:\/\/www.caririemacao.com\/1\/wp-json\/wp\/v2\/tags?post=92959"}],"curies":[{"name":"wp","href":"https:\/\/api.w.org\/{rel}","templated":true}]}}