{"id":92963,"date":"2019-04-26T13:44:24","date_gmt":"2019-04-26T16:44:24","guid":{"rendered":"http:\/\/www.caririemacao.com\/1\/?p=92963"},"modified":"2019-04-26T13:44:24","modified_gmt":"2019-04-26T16:44:24","slug":"bolsonaro-proibe-utilizacao-de-palavras-do-universo-lgbtqi-em-publicidade-de-estatais","status":"publish","type":"post","link":"https:\/\/www.caririemacao.com\/1\/2019\/04\/26\/bolsonaro-proibe-utilizacao-de-palavras-do-universo-lgbtqi-em-publicidade-de-estatais\/","title":{"rendered":"Bolsonaro pro\u00edbe utiliza\u00e7\u00e3o de palavras do universo LGBTQI+ em publicidade de estatais"},"content":{"rendered":"\n<p>O Banco do Brasil reuniu ag\u00eancias e determinou, por orienta\u00e7\u00e3o do Pal\u00e1cio do Planalto, que palavras ligadas ao universo LBTQI+ ser\u00e3o vetadas de campanhas publicit\u00e1rias. A informa\u00e7\u00e3o foi divulgada nesta sexta-feira (26) pela coluna Radar, da Revista Veja.<\/p>\n\n\n\n<p>Palavras como &#8220;lacrou&#8221; est\u00e3o proibidas de serem usadas em qualquer tipo de pe\u00e7a publicit\u00e1ria e de divulga\u00e7\u00e3o. A determina\u00e7\u00e3o do Planalto vale para todas as estatais e seria baseada em uma esp\u00e9cie de &#8220;Dicion\u00e1rio da Censura&#8221;, segundo informou o colunista.<\/p>\n\n\n\n<p>Nesta quinta-feira (25) Bolsonaro teria vetado uma campanha do Banco do Brasil depois de n\u00e3o gostar do tom adotado, marcado pela diversidade, segundo informou o rep\u00f3rter Gabriel Mascarenhas, da coluna Lauro Jardim. O comercial em v\u00eddeo estimula a abertura de conta corrente por&nbsp; meio do aplicativo do Banco do Brasil. O diretor de comunica\u00e7\u00e3o e marketing da estatal, Delano Valentim, foi afastado do cargo.<\/p>\n\n\n\n<p>O v\u00eddeo vetado por Bolsonaro faz parte de uma campanha mais ampla produzida pela ag\u00eancia WMcCann, iniciada no final do ano passado e focada na promo\u00e7\u00e3o da diversidade racial (h\u00e1 muitos atores negros) e sexual (pe\u00e7as com a participa\u00e7\u00e3o de transsexuais) e nas tentativas de atrair o p\u00fablico jovem e incentivar o uso do aplicativo do banco.<\/p>\n","protected":false},"excerpt":{"rendered":"<p>O Banco do Brasil reuniu ag\u00eancias e determinou, por orienta\u00e7\u00e3o do Pal\u00e1cio do Planalto, que palavras ligadas ao universo LBTQI+ ser\u00e3o vetadas de campanhas publicit\u00e1rias.&hellip; <\/p>\n","protected":false},"author":1,"featured_media":92964,"comment_status":"closed","ping_status":"closed","sticky":false,"template":"","format":"standard","meta":{"sfsi_plus_gutenberg_text_before_share":"","sfsi_plus_gutenberg_show_text_before_share":"","sfsi_plus_gutenberg_icon_type":"","sfsi_plus_gutenberg_icon_alignemt":"","sfsi_plus_gutenburg_max_per_row":"","footnotes":""},"categories":[11],"tags":[],"class_list":["post-92963","post","type-post","status-publish","format-standard","has-post-thumbnail","hentry","category-politica"],"_links":{"self":[{"href":"https:\/\/www.caririemacao.com\/1\/wp-json\/wp\/v2\/posts\/92963","targetHints":{"allow":["GET"]}}],"collection":[{"href":"https:\/\/www.caririemacao.com\/1\/wp-json\/wp\/v2\/posts"}],"about":[{"href":"https:\/\/www.caririemacao.com\/1\/wp-json\/wp\/v2\/types\/post"}],"author":[{"embeddable":true,"href":"https:\/\/www.caririemacao.com\/1\/wp-json\/wp\/v2\/users\/1"}],"replies":[{"embeddable":true,"href":"https:\/\/www.caririemacao.com\/1\/wp-json\/wp\/v2\/comments?post=92963"}],"version-history":[{"count":1,"href":"https:\/\/www.caririemacao.com\/1\/wp-json\/wp\/v2\/posts\/92963\/revisions"}],"predecessor-version":[{"id":92965,"href":"https:\/\/www.caririemacao.com\/1\/wp-json\/wp\/v2\/posts\/92963\/revisions\/92965"}],"wp:featuredmedia":[{"embeddable":true,"href":"https:\/\/www.caririemacao.com\/1\/wp-json\/wp\/v2\/media\/92964"}],"wp:attachment":[{"href":"https:\/\/www.caririemacao.com\/1\/wp-json\/wp\/v2\/media?parent=92963"}],"wp:term":[{"taxonomy":"category","embeddable":true,"href":"https:\/\/www.caririemacao.com\/1\/wp-json\/wp\/v2\/categories?post=92963"},{"taxonomy":"post_tag","embeddable":true,"href":"https:\/\/www.caririemacao.com\/1\/wp-json\/wp\/v2\/tags?post=92963"}],"curies":[{"name":"wp","href":"https:\/\/api.w.org\/{rel}","templated":true}]}}