{"id":92967,"date":"2019-04-26T14:02:05","date_gmt":"2019-04-26T17:02:05","guid":{"rendered":"http:\/\/www.caririemacao.com\/1\/?p=92967"},"modified":"2019-04-26T14:02:05","modified_gmt":"2019-04-26T17:02:05","slug":"tecnico-confirma-reforcos-e-revela-nome-de-meia-contratado-pelo-treze","status":"publish","type":"post","link":"https:\/\/www.caririemacao.com\/1\/2019\/04\/26\/tecnico-confirma-reforcos-e-revela-nome-de-meia-contratado-pelo-treze\/","title":{"rendered":"T\u00e9cnico confirma refor\u00e7os e revela nome de meia contratado pelo Treze"},"content":{"rendered":"\n<p><br>Em entrevista \u00e0 R\u00e1dio CBN Campina Grande, no final da manh\u00e3 desta sexta-feira (26), o t\u00e9cnico Fl\u00e1vio Ara\u00fajo revelou que o Treze est\u00e1 fazendo mais duas contrata\u00e7\u00f5es para iniciar a S\u00e9rie C do Campeonato Brasileiro.<\/p>\n\n\n\n<figure class=\"wp-block-image\"><img decoding=\"async\" data-src=\"https:\/\/paraibaonline.com.br\/wp-content\/uploads\/2019\/04\/FlavioAraujo.jpg\" alt=\"\" class=\"wp-image-702265 lazyload\" src=\"data:image\/svg+xml;base64,PHN2ZyB3aWR0aD0iMSIgaGVpZ2h0PSIxIiB4bWxucz0iaHR0cDovL3d3dy53My5vcmcvMjAwMC9zdmciPjwvc3ZnPg==\" \/><\/figure>\n\n\n\n<p>Foto: Ascom \/ Treze FC<\/p>\n\n\n\n<p>Depois de confirmar o retorno do centroavante Maxwell&nbsp; Samurai, informa\u00e7\u00e3o at\u00e9 ent\u00e3o n\u00e3o oficializada pela diretoria, o treinador alvinegro soltou o nome de outro refor\u00e7o: o meia J\u00falio Pacato, de 24 anos, que foi vice-campe\u00e3o paranaense h\u00e1 uma semana com o Toledo.<\/p>\n\n\n\n<p>O armador, de 178cm e 73kg,&nbsp; \u00e9 cria da base do Londrina e tem se destacado no interior do Paran\u00e1 nas \u00faltimas temporadas.<\/p>\n\n\n\n<figure class=\"wp-block-image\"><img decoding=\"async\" data-src=\"https:\/\/paraibaonline.com.br\/wp-content\/uploads\/2019\/04\/JulioPacato.jpg\" alt=\"\" class=\"wp-image-702269 lazyload\" src=\"data:image\/svg+xml;base64,PHN2ZyB3aWR0aD0iMSIgaGVpZ2h0PSIxIiB4bWxucz0iaHR0cDovL3d3dy53My5vcmcvMjAwMC9zdmciPjwvc3ZnPg==\" \/><\/figure>\n\n\n\n<p>Foto: Ascom \/ Toledo EC<\/p>\n\n\n\n<p>Segundo Fl\u00e1vio, Pacato \u00e9 destro, tem caracter\u00edsticas ofensivas e marcou dois gols em 15 atua\u00e7\u00f5es como titular pelo Toledo.<\/p>\n\n\n\n<p>Sem citar o nome, o t\u00e9cnico do Treze avisou ainda que aguarda a chegada de mais um volante para fechar 19 contrata\u00e7\u00f5es nesse primeiro ciclo antes do in\u00edcio da S\u00e9rie C.<\/p>\n\n\n\n<p>O Galo estreia no Grupo A da Terceirona na pr\u00f3xima segunda-feira (29), contra o Santa Cruz, \u00e0s 20h, no Arruda.<\/p>\n","protected":false},"excerpt":{"rendered":"<p>Em entrevista \u00e0 R\u00e1dio CBN Campina Grande, no final da manh\u00e3 desta sexta-feira (26), o t\u00e9cnico Fl\u00e1vio Ara\u00fajo revelou que o Treze est\u00e1 fazendo mais&hellip; <\/p>\n","protected":false},"author":1,"featured_media":92968,"comment_status":"closed","ping_status":"closed","sticky":false,"template":"","format":"standard","meta":{"sfsi_plus_gutenberg_text_before_share":"","sfsi_plus_gutenberg_show_text_before_share":"","sfsi_plus_gutenberg_icon_type":"","sfsi_plus_gutenberg_icon_alignemt":"","sfsi_plus_gutenburg_max_per_row":"","footnotes":""},"categories":[13],"tags":[],"class_list":["post-92967","post","type-post","status-publish","format-standard","has-post-thumbnail","hentry","category-esportes"],"_links":{"self":[{"href":"https:\/\/www.caririemacao.com\/1\/wp-json\/wp\/v2\/posts\/92967","targetHints":{"allow":["GET"]}}],"collection":[{"href":"https:\/\/www.caririemacao.com\/1\/wp-json\/wp\/v2\/posts"}],"about":[{"href":"https:\/\/www.caririemacao.com\/1\/wp-json\/wp\/v2\/types\/post"}],"author":[{"embeddable":true,"href":"https:\/\/www.caririemacao.com\/1\/wp-json\/wp\/v2\/users\/1"}],"replies":[{"embeddable":true,"href":"https:\/\/www.caririemacao.com\/1\/wp-json\/wp\/v2\/comments?post=92967"}],"version-history":[{"count":1,"href":"https:\/\/www.caririemacao.com\/1\/wp-json\/wp\/v2\/posts\/92967\/revisions"}],"predecessor-version":[{"id":92969,"href":"https:\/\/www.caririemacao.com\/1\/wp-json\/wp\/v2\/posts\/92967\/revisions\/92969"}],"wp:featuredmedia":[{"embeddable":true,"href":"https:\/\/www.caririemacao.com\/1\/wp-json\/wp\/v2\/media\/92968"}],"wp:attachment":[{"href":"https:\/\/www.caririemacao.com\/1\/wp-json\/wp\/v2\/media?parent=92967"}],"wp:term":[{"taxonomy":"category","embeddable":true,"href":"https:\/\/www.caririemacao.com\/1\/wp-json\/wp\/v2\/categories?post=92967"},{"taxonomy":"post_tag","embeddable":true,"href":"https:\/\/www.caririemacao.com\/1\/wp-json\/wp\/v2\/tags?post=92967"}],"curies":[{"name":"wp","href":"https:\/\/api.w.org\/{rel}","templated":true}]}}