{"id":92984,"date":"2019-04-26T18:30:42","date_gmt":"2019-04-26T21:30:42","guid":{"rendered":"http:\/\/www.caririemacao.com\/1\/?p=92984"},"modified":"2019-04-26T18:30:42","modified_gmt":"2019-04-26T21:30:42","slug":"copa-cariri-de-futsal-tem-rodada-classificatoria-decisiva-em-seis-cidades-neste-sabado","status":"publish","type":"post","link":"https:\/\/www.caririemacao.com\/1\/2019\/04\/26\/copa-cariri-de-futsal-tem-rodada-classificatoria-decisiva-em-seis-cidades-neste-sabado\/","title":{"rendered":"Copa Cariri de Futsal tem rodada classificat\u00f3ria decisiva em seis cidades neste s\u00e1bado"},"content":{"rendered":"\n<p>A Copa Cariri de Futsal ter\u00e1 continuidade neste final de semana com seis jogos que definir\u00e3o os oito classificados para a segunda fase do certame. Os jogos acontecer\u00e3o nas cidades de Barra de S\u00e3o Miguel, Boqueir\u00e3o, Pocinhos, Serra Branca, Sum\u00e9 e S\u00e3o Jos\u00e9 dos Cordeiros.<\/p>\n\n\n\n<p>Na \u00faltima rodada da primeira fase nada est\u00e1 definido, pois algumas agremia\u00e7\u00f5es brigam pelo acesso na segunda fase e outras brigam pela lideran\u00e7a na classifica\u00e7\u00e3o geral.<\/p>\n\n\n\n<p>Segundo o Coordenador Geral, Dami\u00e3o Lima, o que deve ser destacado \u00e9 o comprometimento das agremia\u00e7\u00f5es na primeira fase, pois algumas mesmo sem ter chance de classifica\u00e7\u00e3o est\u00e3o cumprindo os compromissos com a copa. \u201cJ\u00e1 antecipo meus agradecimentos aos que n\u00e3o obtiverem \u00eaxito de classifica\u00e7\u00e3o e desejo sucesso as agremia\u00e7\u00f5es que amanh\u00e3 conquistar\u00e3o o acesso a segunda fase\u201d disse Dami\u00e3o Lima.<\/p>\n\n\n\n<p><strong>Confira os Confrontos:<\/strong><\/p>\n\n\n\n<p>Em Barra S\u00e3o Miguel:<\/p>\n\n\n\n<p><strong>Sport (Barra S. Miguel) x Juventude (Cabaceiras)<\/strong><\/p>\n\n\n\n<p>Em Boqueir\u00e3o:<\/p>\n\n\n\n<p><strong>Sec. Caturit\u00e9 x For\u00e7a M\u00e1xima (Queimada)<\/strong><\/p>\n\n\n\n<p>Em Pocinhos:<\/p>\n\n\n\n<p><strong>Independente (Pocinhos) x S\u00e3o Bento (Boa Vista)<\/strong><\/p>\n\n\n\n<p>Em Serra Branca:<\/p>\n\n\n\n<p><strong>Selebranca (Serra Branca) x Chelsea (Gurj\u00e3o)<\/strong><\/p>\n\n\n\n<p>Em Sum\u00e9:<\/p>\n\n\n\n<p><strong>Sel. Sume x Guanabara (S. S. Umbuzeiro)<\/strong><\/p>\n\n\n\n<p>Em Cordeiros:<\/p>\n\n\n\n<p><strong>Associedade Cordeirense (Cordeiros) x Ponte Preta (Sum\u00e9)<\/strong><\/p>\n\n\n\n<p>Todos os jogos acontecer\u00e3o no mesmo hor\u00e1rio, \u00e0s 20:00 horas, para que n\u00e3o haja nenhum favorecimento de resultados.<\/p>\n\n\n\n<p><em>Com Ascom<\/em><\/p>\n","protected":false},"excerpt":{"rendered":"<p>A Copa Cariri de Futsal ter\u00e1 continuidade neste final de semana com seis jogos que definir\u00e3o os oito classificados para a segunda fase do certame.&hellip; <\/p>\n","protected":false},"author":1,"featured_media":92985,"comment_status":"closed","ping_status":"closed","sticky":false,"template":"","format":"standard","meta":{"sfsi_plus_gutenberg_text_before_share":"","sfsi_plus_gutenberg_show_text_before_share":"","sfsi_plus_gutenberg_icon_type":"","sfsi_plus_gutenberg_icon_alignemt":"","sfsi_plus_gutenburg_max_per_row":"","footnotes":""},"categories":[13],"tags":[],"class_list":["post-92984","post","type-post","status-publish","format-standard","has-post-thumbnail","hentry","category-esportes"],"_links":{"self":[{"href":"https:\/\/www.caririemacao.com\/1\/wp-json\/wp\/v2\/posts\/92984","targetHints":{"allow":["GET"]}}],"collection":[{"href":"https:\/\/www.caririemacao.com\/1\/wp-json\/wp\/v2\/posts"}],"about":[{"href":"https:\/\/www.caririemacao.com\/1\/wp-json\/wp\/v2\/types\/post"}],"author":[{"embeddable":true,"href":"https:\/\/www.caririemacao.com\/1\/wp-json\/wp\/v2\/users\/1"}],"replies":[{"embeddable":true,"href":"https:\/\/www.caririemacao.com\/1\/wp-json\/wp\/v2\/comments?post=92984"}],"version-history":[{"count":1,"href":"https:\/\/www.caririemacao.com\/1\/wp-json\/wp\/v2\/posts\/92984\/revisions"}],"predecessor-version":[{"id":92986,"href":"https:\/\/www.caririemacao.com\/1\/wp-json\/wp\/v2\/posts\/92984\/revisions\/92986"}],"wp:featuredmedia":[{"embeddable":true,"href":"https:\/\/www.caririemacao.com\/1\/wp-json\/wp\/v2\/media\/92985"}],"wp:attachment":[{"href":"https:\/\/www.caririemacao.com\/1\/wp-json\/wp\/v2\/media?parent=92984"}],"wp:term":[{"taxonomy":"category","embeddable":true,"href":"https:\/\/www.caririemacao.com\/1\/wp-json\/wp\/v2\/categories?post=92984"},{"taxonomy":"post_tag","embeddable":true,"href":"https:\/\/www.caririemacao.com\/1\/wp-json\/wp\/v2\/tags?post=92984"}],"curies":[{"name":"wp","href":"https:\/\/api.w.org\/{rel}","templated":true}]}}