{"id":92989,"date":"2019-04-26T18:37:04","date_gmt":"2019-04-26T21:37:04","guid":{"rendered":"http:\/\/www.caririemacao.com\/1\/?p=92989"},"modified":"2019-04-26T18:37:04","modified_gmt":"2019-04-26T21:37:04","slug":"governador-anuncia-promocao-de-791-policiais-civis","status":"publish","type":"post","link":"https:\/\/www.caririemacao.com\/1\/2019\/04\/26\/governador-anuncia-promocao-de-791-policiais-civis\/","title":{"rendered":"Governador anuncia promo\u00e7\u00e3o de 791 policiais civis"},"content":{"rendered":"\n<p>O governador Jo\u00e3o Azev\u00eado anunciou nesta sexta-feira (26), que&nbsp;ir\u00e1 assinar a maior promo\u00e7\u00e3o de policiais civis da Para\u00edba. Ser\u00e3o 791 policiais de diversos cargos promovidos, cerca de 1\/3 da do n\u00famero de profissionais institui\u00e7\u00e3o.&nbsp;A solenidade acontecer\u00e1 \u00e0s 10h na Cadepol, em Jo\u00e3o Pessoa.&nbsp;<\/p>\n\n\n\n<p>Na ocasi\u00e3o ser\u00e1 entregue comendas de honra aos policiais em raz\u00e3o do reconhecimento \u00e0s carreiras. &nbsp;<\/p>\n\n\n\n<p>&#8220;Isso \u00e9 algo muito especial, por toda&nbsp;a&nbsp;dedica\u00e7\u00e3o desses profissionais&nbsp;de seguran\u00e7a p\u00fablica do Estado. Estamos reafirmando o processo de valoriza\u00e7\u00e3o que essa gest\u00e3o adotou em favor das For\u00e7as de Seguran\u00e7a do Estado&#8221;, explicou.<\/p>\n","protected":false},"excerpt":{"rendered":"<p>O governador Jo\u00e3o Azev\u00eado anunciou nesta sexta-feira (26), que&nbsp;ir\u00e1 assinar a maior promo\u00e7\u00e3o de policiais civis da Para\u00edba. Ser\u00e3o 791 policiais de diversos cargos promovidos,&hellip; <\/p>\n","protected":false},"author":1,"featured_media":92990,"comment_status":"closed","ping_status":"closed","sticky":false,"template":"","format":"standard","meta":{"sfsi_plus_gutenberg_text_before_share":"","sfsi_plus_gutenberg_show_text_before_share":"","sfsi_plus_gutenberg_icon_type":"","sfsi_plus_gutenberg_icon_alignemt":"","sfsi_plus_gutenburg_max_per_row":"","footnotes":""},"categories":[11],"tags":[],"class_list":["post-92989","post","type-post","status-publish","format-standard","has-post-thumbnail","hentry","category-politica"],"_links":{"self":[{"href":"https:\/\/www.caririemacao.com\/1\/wp-json\/wp\/v2\/posts\/92989","targetHints":{"allow":["GET"]}}],"collection":[{"href":"https:\/\/www.caririemacao.com\/1\/wp-json\/wp\/v2\/posts"}],"about":[{"href":"https:\/\/www.caririemacao.com\/1\/wp-json\/wp\/v2\/types\/post"}],"author":[{"embeddable":true,"href":"https:\/\/www.caririemacao.com\/1\/wp-json\/wp\/v2\/users\/1"}],"replies":[{"embeddable":true,"href":"https:\/\/www.caririemacao.com\/1\/wp-json\/wp\/v2\/comments?post=92989"}],"version-history":[{"count":1,"href":"https:\/\/www.caririemacao.com\/1\/wp-json\/wp\/v2\/posts\/92989\/revisions"}],"predecessor-version":[{"id":92991,"href":"https:\/\/www.caririemacao.com\/1\/wp-json\/wp\/v2\/posts\/92989\/revisions\/92991"}],"wp:featuredmedia":[{"embeddable":true,"href":"https:\/\/www.caririemacao.com\/1\/wp-json\/wp\/v2\/media\/92990"}],"wp:attachment":[{"href":"https:\/\/www.caririemacao.com\/1\/wp-json\/wp\/v2\/media?parent=92989"}],"wp:term":[{"taxonomy":"category","embeddable":true,"href":"https:\/\/www.caririemacao.com\/1\/wp-json\/wp\/v2\/categories?post=92989"},{"taxonomy":"post_tag","embeddable":true,"href":"https:\/\/www.caririemacao.com\/1\/wp-json\/wp\/v2\/tags?post=92989"}],"curies":[{"name":"wp","href":"https:\/\/api.w.org\/{rel}","templated":true}]}}