{"id":92994,"date":"2019-04-26T18:41:45","date_gmt":"2019-04-26T21:41:45","guid":{"rendered":"http:\/\/www.caririemacao.com\/1\/?p=92994"},"modified":"2019-04-26T18:41:45","modified_gmt":"2019-04-26T21:41:45","slug":"prefeitura-de-monteiro-inicia-pagamento-dos-servidores-municipais-nesta-segunda","status":"publish","type":"post","link":"https:\/\/www.caririemacao.com\/1\/2019\/04\/26\/prefeitura-de-monteiro-inicia-pagamento-dos-servidores-municipais-nesta-segunda\/","title":{"rendered":"Prefeitura de Monteiro inicia pagamento dos servidores municipais nesta segunda"},"content":{"rendered":"\n<p>A Prefeitura Municipal de Monteiro, atrav\u00e9s da Secretaria de Finan\u00e7as, inicia nesta segunda-feira (29) o pagamento dos vencimentos de todos os servidores municipais correspondentes ao m\u00eas de abril. O an\u00fancio foi feito nesta sexta-feira pela prefeita Anna Lorena.<\/p>\n\n\n\n<p>No primeiro dia recebem os servidores inativos e pensionistas, na ter\u00e7a-feira, 30, os servidores lotados na Secretaria de Educa\u00e7\u00e3o e no quarta, dia 01, ser\u00e3o creditados os vencimentos dos demais funcion\u00e1rios municipais.<\/p>\n\n\n\n<p>\u201cNossa prioridade \u00e9, e ser\u00e1 sempre, honrarmos o pagamento dos servidores em dia em reconhecimento e valoriza\u00e7\u00e3o aos funcion\u00e1rios\u201d, disse a prefeita Anna Lorena ao confirmar que o valor da folha ultrapassa os R$ 2 milh\u00f5es.<\/p>\n\n\n\n<p>O pagamento da folha de pessoal divididos em tr\u00eas dias proporciona uma maior seguran\u00e7a e tranquilidade aos servidores municipais, evitando aglomera\u00e7\u00f5es nas ag\u00eancias banc\u00e1rias.<\/p>\n","protected":false},"excerpt":{"rendered":"<p>A Prefeitura Municipal de Monteiro, atrav\u00e9s da Secretaria de Finan\u00e7as, inicia nesta segunda-feira (29) o pagamento dos vencimentos de todos os servidores municipais correspondentes ao&hellip; <\/p>\n","protected":false},"author":1,"featured_media":91612,"comment_status":"closed","ping_status":"closed","sticky":false,"template":"","format":"standard","meta":{"sfsi_plus_gutenberg_text_before_share":"","sfsi_plus_gutenberg_show_text_before_share":"","sfsi_plus_gutenberg_icon_type":"","sfsi_plus_gutenberg_icon_alignemt":"","sfsi_plus_gutenburg_max_per_row":"","footnotes":""},"categories":[6],"tags":[],"class_list":["post-92994","post","type-post","status-publish","format-standard","has-post-thumbnail","hentry","category-cidades"],"_links":{"self":[{"href":"https:\/\/www.caririemacao.com\/1\/wp-json\/wp\/v2\/posts\/92994","targetHints":{"allow":["GET"]}}],"collection":[{"href":"https:\/\/www.caririemacao.com\/1\/wp-json\/wp\/v2\/posts"}],"about":[{"href":"https:\/\/www.caririemacao.com\/1\/wp-json\/wp\/v2\/types\/post"}],"author":[{"embeddable":true,"href":"https:\/\/www.caririemacao.com\/1\/wp-json\/wp\/v2\/users\/1"}],"replies":[{"embeddable":true,"href":"https:\/\/www.caririemacao.com\/1\/wp-json\/wp\/v2\/comments?post=92994"}],"version-history":[{"count":1,"href":"https:\/\/www.caririemacao.com\/1\/wp-json\/wp\/v2\/posts\/92994\/revisions"}],"predecessor-version":[{"id":92995,"href":"https:\/\/www.caririemacao.com\/1\/wp-json\/wp\/v2\/posts\/92994\/revisions\/92995"}],"wp:featuredmedia":[{"embeddable":true,"href":"https:\/\/www.caririemacao.com\/1\/wp-json\/wp\/v2\/media\/91612"}],"wp:attachment":[{"href":"https:\/\/www.caririemacao.com\/1\/wp-json\/wp\/v2\/media?parent=92994"}],"wp:term":[{"taxonomy":"category","embeddable":true,"href":"https:\/\/www.caririemacao.com\/1\/wp-json\/wp\/v2\/categories?post=92994"},{"taxonomy":"post_tag","embeddable":true,"href":"https:\/\/www.caririemacao.com\/1\/wp-json\/wp\/v2\/tags?post=92994"}],"curies":[{"name":"wp","href":"https:\/\/api.w.org\/{rel}","templated":true}]}}