{"id":93002,"date":"2019-04-26T18:49:44","date_gmt":"2019-04-26T21:49:44","guid":{"rendered":"http:\/\/www.caririemacao.com\/1\/?p=93002"},"modified":"2019-04-26T18:49:44","modified_gmt":"2019-04-26T21:49:44","slug":"acidentes-afastam-mais-de-17-mil-trabalhadores-na-paraiba","status":"publish","type":"post","link":"https:\/\/www.caririemacao.com\/1\/2019\/04\/26\/acidentes-afastam-mais-de-17-mil-trabalhadores-na-paraiba\/","title":{"rendered":"Acidentes afastam mais de 17 mil trabalhadores na Para\u00edba"},"content":{"rendered":"\n<p>Na Para\u00edba, acidentes de trabalho e doen\u00e7as ocupacionais afastaram 17,5 mil paraibanos das suas atividades, entre 2012 e 2018, segundo dados do Observat\u00f3rio de Sa\u00fade e Seguran\u00e7a no Trabalho. Desses, quase 2 mil trabalhadores foram afastados s\u00f3 no ano passado.<\/p>\n\n\n\n<p>Esses afastamentos previdenci\u00e1rios geraram um preju\u00edzo total de R$ 150 milh\u00f5es aos cofres p\u00fablicos, ao longo desse per\u00edodo.<\/p>\n\n\n\n<p>Trabalhadores do setor de sa\u00fade t\u00eam a maior quantidade de ocorr\u00eancias registradas (10% dos casos), sobretudo em rela\u00e7\u00e3o a profissionais de enfermagem e limpeza.<\/p>\n\n\n\n<p>J\u00e1 do ponto de vista das ocupa\u00e7\u00f5es, os registros predominam entre alimentadores de linha de produ\u00e7\u00e3o (5,5%), t\u00e9cnicos de enfermagem (5%), faxineiros (3,2%), serventes de obras (2,8%) e motoristas de caminh\u00e3o (2,4%).<\/p>\n\n\n\n<p>Segundo Maracaj\u00e1, este ano pelo menos 21 munic\u00edpios da Para\u00edba se engajaram no \u2018Abril Verde\u2019, que alerta para a preven\u00e7\u00e3o da sa\u00fade e da seguran\u00e7a no trabalho.<\/p>\n\n\n\n<p>\u201cEm rela\u00e7\u00e3o aos anos anteriores, o movimento subiu de patamar e hoje pode-se dizer que \u00e9 reconhecido pela sociedade. A divulga\u00e7\u00e3o nas m\u00eddias, os eventos realizados, os \u00f3rg\u00e3os parceiros contribu\u00edram para engrandecer o Abril Verde\u201d, avaliou, ressaltando que a preven\u00e7\u00e3o deve continuar o ano inteiro.<\/p>\n\n\n\n<p>Cerca de 20 mil acidentes de trabalho foram registrados na Para\u00edba desde 2012 at\u00e9 hoje, segundo dados do Observat\u00f3rio de sa\u00fade e Seguran\u00e7a do Trabalho.<\/p>\n\n\n\n<p><strong>MaisPB<\/strong><\/p>\n","protected":false},"excerpt":{"rendered":"<p>Na Para\u00edba, acidentes de trabalho e doen\u00e7as ocupacionais afastaram 17,5 mil paraibanos das suas atividades, entre 2012 e 2018, segundo dados do Observat\u00f3rio de Sa\u00fade&hellip; <\/p>\n","protected":false},"author":1,"featured_media":93003,"comment_status":"closed","ping_status":"closed","sticky":false,"template":"","format":"standard","meta":{"sfsi_plus_gutenberg_text_before_share":"","sfsi_plus_gutenberg_show_text_before_share":"","sfsi_plus_gutenberg_icon_type":"","sfsi_plus_gutenberg_icon_alignemt":"","sfsi_plus_gutenburg_max_per_row":"","footnotes":""},"categories":[2],"tags":[],"class_list":["post-93002","post","type-post","status-publish","format-standard","has-post-thumbnail","hentry","category-geral"],"_links":{"self":[{"href":"https:\/\/www.caririemacao.com\/1\/wp-json\/wp\/v2\/posts\/93002","targetHints":{"allow":["GET"]}}],"collection":[{"href":"https:\/\/www.caririemacao.com\/1\/wp-json\/wp\/v2\/posts"}],"about":[{"href":"https:\/\/www.caririemacao.com\/1\/wp-json\/wp\/v2\/types\/post"}],"author":[{"embeddable":true,"href":"https:\/\/www.caririemacao.com\/1\/wp-json\/wp\/v2\/users\/1"}],"replies":[{"embeddable":true,"href":"https:\/\/www.caririemacao.com\/1\/wp-json\/wp\/v2\/comments?post=93002"}],"version-history":[{"count":1,"href":"https:\/\/www.caririemacao.com\/1\/wp-json\/wp\/v2\/posts\/93002\/revisions"}],"predecessor-version":[{"id":93004,"href":"https:\/\/www.caririemacao.com\/1\/wp-json\/wp\/v2\/posts\/93002\/revisions\/93004"}],"wp:featuredmedia":[{"embeddable":true,"href":"https:\/\/www.caririemacao.com\/1\/wp-json\/wp\/v2\/media\/93003"}],"wp:attachment":[{"href":"https:\/\/www.caririemacao.com\/1\/wp-json\/wp\/v2\/media?parent=93002"}],"wp:term":[{"taxonomy":"category","embeddable":true,"href":"https:\/\/www.caririemacao.com\/1\/wp-json\/wp\/v2\/categories?post=93002"},{"taxonomy":"post_tag","embeddable":true,"href":"https:\/\/www.caririemacao.com\/1\/wp-json\/wp\/v2\/tags?post=93002"}],"curies":[{"name":"wp","href":"https:\/\/api.w.org\/{rel}","templated":true}]}}