{"id":93010,"date":"2019-04-26T19:11:22","date_gmt":"2019-04-26T22:11:22","guid":{"rendered":"http:\/\/www.caririemacao.com\/1\/?p=93010"},"modified":"2019-04-26T19:11:22","modified_gmt":"2019-04-26T22:11:22","slug":"conselho-municipal-da-pessoa-idosa-realizou-a-iii-conferencia-municipal-em-caraubas","status":"publish","type":"post","link":"https:\/\/www.caririemacao.com\/1\/2019\/04\/26\/conselho-municipal-da-pessoa-idosa-realizou-a-iii-conferencia-municipal-em-caraubas\/","title":{"rendered":"Conselho Municipal da pessoa idosa realizou a III confer\u00eancia Municipal em Cara\u00fabas"},"content":{"rendered":"\n<p>Foi realizada neste dia 25 de Abril do corrente, no Centro de Apoio ao Produtor Rural, sede da Secretaria da Agricultura, a III Confer\u00eancia Municipal da Pessoa Idosa do munic\u00edpio de Cara\u00fabas, numa realiza\u00e7\u00e3o do Conselho Municipal da Pessoas Idosa em parceria com a Secretaria Municipal da Assist\u00eancia Social.<br>O tema da confer\u00eancia deste ano abordou Os desafios de envelhecer no s\u00e9culo XXI e o papel das Pol\u00edticas P\u00fablicas. Participaram da confer\u00eancia deste ano o prefeito Silvano Dudu, a primeira dama do munic\u00edpio e vereadora Neide de Assis, o vice-prefeito, Z\u00e9 de Laura, a presidente do CMPI, Fl\u00e1via Cristina, a Secret\u00e1ria da Assist\u00eancia Social, Fl\u00e1via Quirino, que esteve acompanhada do secret\u00e1rio adjunto Patrick Batista, secret\u00e1rios municipais da sa\u00fade, finan\u00e7as, turismo, planejamento, educa\u00e7\u00e3o e agricultura. <br> A presidente do Conselho Municipal da Pessoa Idosa, Fl\u00e1via Cristina, declarou aberta a confer\u00eancia reafirmando o compromisso e a import\u00e2ncia da realiza\u00e7\u00e3o das confer\u00eancias, como um espa\u00e7o democr\u00e1tico de discuss\u00e3o, aprova\u00e7\u00e3o e encaminhamento de propostas importantes de alcance social e econ\u00f4mico, afirmou ela.<br>Tamb\u00e9m fizeram uso da palavra a secret\u00e1ria da Assist\u00eancia Social Fl\u00e1via Quirino e o prefeito Silvano Dudu que destacaram a import\u00e2ncia da pessoa Idosa na constru\u00e7\u00e3o do processo democr\u00e1tico brasileiro. Segundo o prefeito, Silvano Dudu, a atual gest\u00e3o tem feito todos os esfor\u00e7os necess\u00e1rios para garantir o direito da pessoa idosa aos servi\u00e7os p\u00fablicos. Hoje nosso munic\u00edpio respeita os mais experientes, pois, todos tem acesso garantido por lei a sa\u00fade, educa\u00e7\u00e3o, lazer e bem estar, afirmou o prefeito.<br>Ainda, durante a abertura da confer\u00eancia se apresentaram os Grupos Alegria de Viver, do SCFV do n\u00facleo da cidade de Cara\u00fabas e A Vida \u00e9 Bela do Distrito de Barreiras. Foi palestrante a advogada, especialista em Direito Previdenci\u00e1rio e do Trabalho, Maria Soraia Andrade de Holanda.<\/p>\n\n\n\n<p>Fonte: SEPLACOM<br>\nFoto: Miguel Filho<\/p>\n","protected":false},"excerpt":{"rendered":"<p>Foi realizada neste dia 25 de Abril do corrente, no Centro de Apoio ao Produtor Rural, sede da Secretaria da Agricultura, a III Confer\u00eancia Municipal&hellip; <\/p>\n","protected":false},"author":1,"featured_media":93011,"comment_status":"closed","ping_status":"closed","sticky":false,"template":"","format":"standard","meta":{"sfsi_plus_gutenberg_text_before_share":"","sfsi_plus_gutenberg_show_text_before_share":"","sfsi_plus_gutenberg_icon_type":"","sfsi_plus_gutenberg_icon_alignemt":"","sfsi_plus_gutenburg_max_per_row":"","footnotes":""},"categories":[2],"tags":[],"class_list":["post-93010","post","type-post","status-publish","format-standard","has-post-thumbnail","hentry","category-geral"],"_links":{"self":[{"href":"https:\/\/www.caririemacao.com\/1\/wp-json\/wp\/v2\/posts\/93010","targetHints":{"allow":["GET"]}}],"collection":[{"href":"https:\/\/www.caririemacao.com\/1\/wp-json\/wp\/v2\/posts"}],"about":[{"href":"https:\/\/www.caririemacao.com\/1\/wp-json\/wp\/v2\/types\/post"}],"author":[{"embeddable":true,"href":"https:\/\/www.caririemacao.com\/1\/wp-json\/wp\/v2\/users\/1"}],"replies":[{"embeddable":true,"href":"https:\/\/www.caririemacao.com\/1\/wp-json\/wp\/v2\/comments?post=93010"}],"version-history":[{"count":1,"href":"https:\/\/www.caririemacao.com\/1\/wp-json\/wp\/v2\/posts\/93010\/revisions"}],"predecessor-version":[{"id":93012,"href":"https:\/\/www.caririemacao.com\/1\/wp-json\/wp\/v2\/posts\/93010\/revisions\/93012"}],"wp:featuredmedia":[{"embeddable":true,"href":"https:\/\/www.caririemacao.com\/1\/wp-json\/wp\/v2\/media\/93011"}],"wp:attachment":[{"href":"https:\/\/www.caririemacao.com\/1\/wp-json\/wp\/v2\/media?parent=93010"}],"wp:term":[{"taxonomy":"category","embeddable":true,"href":"https:\/\/www.caririemacao.com\/1\/wp-json\/wp\/v2\/categories?post=93010"},{"taxonomy":"post_tag","embeddable":true,"href":"https:\/\/www.caririemacao.com\/1\/wp-json\/wp\/v2\/tags?post=93010"}],"curies":[{"name":"wp","href":"https:\/\/api.w.org\/{rel}","templated":true}]}}