{"id":93053,"date":"2019-04-27T07:26:11","date_gmt":"2019-04-27T10:26:11","guid":{"rendered":"http:\/\/www.caririemacao.com\/1\/?p=93053"},"modified":"2019-04-27T07:26:11","modified_gmt":"2019-04-27T10:26:11","slug":"maio-tera-cobranca-extra-na-tarifa-de-energia-eletrica","status":"publish","type":"post","link":"https:\/\/www.caririemacao.com\/1\/2019\/04\/27\/maio-tera-cobranca-extra-na-tarifa-de-energia-eletrica\/","title":{"rendered":"Maio ter\u00e1 cobran\u00e7a extra na tarifa de energia el\u00e9trica"},"content":{"rendered":"\n<p><br>A Ag\u00eancia Nacional de Energia El\u00e9trica (Aneel) informou hoje (25) que a bandeira tarif\u00e1ria para maio ser\u00e1 amarela, com custo adicional de R$ 1 para cada 100 quilowatts-hora (kWh) consumido.<\/p>\n\n\n\n<p>De acordo com a ag\u00eancia, embora a previs\u00e3o hidrol\u00f3gica para o m\u00eas indique tend\u00eancia de vaz\u00f5es pr\u00f3ximas \u00e0 m\u00e9dia hist\u00f3rica, \u201co patamar da produ\u00e7\u00e3o hidrel\u00e9trica j\u00e1 reflete a diminui\u00e7\u00e3o das chuvas, o que eleva o risco hidrol\u00f3gico e motiva o acionamento da bandeira amarela\u201d.<\/p>\n\n\n\n<p>\u201cDiante da perspectiva de que as aflu\u00eancias aos principais reservat\u00f3rios fiquem perto da m\u00e9dia, o pre\u00e7o esperado para a energia (PLD) deve permanecer pr\u00f3ximo ao registrado nos \u00faltimos meses\u201d, informou a Aneel.<\/p>\n\n\n\n<p>Sistema<br>O sistema de bandeiras tarif\u00e1rias foi criado, de acordo com a Aneel, para sinalizar aos consumidores os custos reais da gera\u00e7\u00e3o de energia el\u00e9trica. A ado\u00e7\u00e3o de cada bandeira, nas cores verde (sem cobran\u00e7a extra), amarela e vermelha (patamar 1 e 2) est\u00e1 relacionada aos custos da gera\u00e7\u00e3o de energia el\u00e9trica.<\/p>\n\n\n\n<figure class=\"wp-block-image\"><img decoding=\"async\" data-src=\"https:\/\/paraibaonline.com.br\/wp-content\/uploads\/2018\/07\/lampada-energia-567x361.jpg\" alt=\"Foto ilustrativa: Reprodu\u00e7\u00e3o\/Internet\" class=\"wp-image-458527 lazyload\" src=\"data:image\/svg+xml;base64,PHN2ZyB3aWR0aD0iMSIgaGVpZ2h0PSIxIiB4bWxucz0iaHR0cDovL3d3dy53My5vcmcvMjAwMC9zdmciPjwvc3ZnPg==\" style=\"--smush-placeholder-width: 567px; --smush-placeholder-aspect-ratio: 567\/361;\" \/><\/figure>\n\n\n\n<p>Na amarela h\u00e1 o acr\u00e9scimo de R$ 1 a cada 100 kWh consumido. Na vermelha, no patamar 1, o adicional nas contas de luz \u00e9 de R$ 3 a cada 100 kWh; no 2, o valor extra sobe para R$ 5.<\/p>\n\n\n\n<p>Dicas de economia<\/p>\n\n\n\n<p>Para evitar aumento significativo nas contas, a Aneel d\u00e1 dicas para que os consumidores economizem energia. Entre elas a de, no caso do uso de chuveiros el\u00e9tricos, tomar banhos mais curtos. A ag\u00eancia sugere tamb\u00e9m a diminui\u00e7\u00e3o no uso do ar-condicionado e que, quando o aparelho for usado, que se evite deixar portas e janelas abertas, al\u00e9m de manter o filtro limpo.<\/p>\n\n\n\n<p>A Aneel indica, ainda, que o consumidor tenha aten\u00e7\u00e3o para deixar a porta da geladeira aberta apenas o tempo que for necess\u00e1rio e que nunca se coloque alimentos quentes em seu interior. Uma outra dica da Aneel para que o consumidor economize energia \u00e9 a de juntar roupas para serem passadas de uma s\u00f3 vez e que n\u00e3o se deixe o ferro de passar ligado por muito tempo.<\/p>\n","protected":false},"excerpt":{"rendered":"<p>A Ag\u00eancia Nacional de Energia El\u00e9trica (Aneel) informou hoje (25) que a bandeira tarif\u00e1ria para maio ser\u00e1 amarela, com custo adicional de R$ 1 para&hellip; <\/p>\n","protected":false},"author":1,"featured_media":86501,"comment_status":"closed","ping_status":"closed","sticky":false,"template":"","format":"standard","meta":{"sfsi_plus_gutenberg_text_before_share":"","sfsi_plus_gutenberg_show_text_before_share":"","sfsi_plus_gutenberg_icon_type":"","sfsi_plus_gutenberg_icon_alignemt":"","sfsi_plus_gutenburg_max_per_row":"","footnotes":""},"categories":[2],"tags":[],"class_list":["post-93053","post","type-post","status-publish","format-standard","has-post-thumbnail","hentry","category-geral"],"_links":{"self":[{"href":"https:\/\/www.caririemacao.com\/1\/wp-json\/wp\/v2\/posts\/93053","targetHints":{"allow":["GET"]}}],"collection":[{"href":"https:\/\/www.caririemacao.com\/1\/wp-json\/wp\/v2\/posts"}],"about":[{"href":"https:\/\/www.caririemacao.com\/1\/wp-json\/wp\/v2\/types\/post"}],"author":[{"embeddable":true,"href":"https:\/\/www.caririemacao.com\/1\/wp-json\/wp\/v2\/users\/1"}],"replies":[{"embeddable":true,"href":"https:\/\/www.caririemacao.com\/1\/wp-json\/wp\/v2\/comments?post=93053"}],"version-history":[{"count":1,"href":"https:\/\/www.caririemacao.com\/1\/wp-json\/wp\/v2\/posts\/93053\/revisions"}],"predecessor-version":[{"id":93054,"href":"https:\/\/www.caririemacao.com\/1\/wp-json\/wp\/v2\/posts\/93053\/revisions\/93054"}],"wp:featuredmedia":[{"embeddable":true,"href":"https:\/\/www.caririemacao.com\/1\/wp-json\/wp\/v2\/media\/86501"}],"wp:attachment":[{"href":"https:\/\/www.caririemacao.com\/1\/wp-json\/wp\/v2\/media?parent=93053"}],"wp:term":[{"taxonomy":"category","embeddable":true,"href":"https:\/\/www.caririemacao.com\/1\/wp-json\/wp\/v2\/categories?post=93053"},{"taxonomy":"post_tag","embeddable":true,"href":"https:\/\/www.caririemacao.com\/1\/wp-json\/wp\/v2\/tags?post=93053"}],"curies":[{"name":"wp","href":"https:\/\/api.w.org\/{rel}","templated":true}]}}