{"id":93073,"date":"2019-04-27T07:40:52","date_gmt":"2019-04-27T10:40:52","guid":{"rendered":"http:\/\/www.caririemacao.com\/1\/?p=93073"},"modified":"2019-04-27T07:40:52","modified_gmt":"2019-04-27T10:40:52","slug":"ricardo-critica-escalada-de-fake-news-contra-ele-malandros-bandidos-e-covardes","status":"publish","type":"post","link":"https:\/\/www.caririemacao.com\/1\/2019\/04\/27\/ricardo-critica-escalada-de-fake-news-contra-ele-malandros-bandidos-e-covardes\/","title":{"rendered":"Ricardo critica \u2018escalada de fake news\u2019 contra ele: \u201cmalandros, bandidos e covardes\u201d"},"content":{"rendered":"\n<p>Ap\u00f3s a publica\u00e7\u00e3o em portais e blogs da Para\u00edba de um v\u00eddeo onde Ricardo Coutinho aparece transportando uma mala para um ve\u00edculo estilo picape da Infraero, no qual o mesmo \u00e9 acusado de manter privil\u00e9gios de governador, mesmo sem s\u00ea-lo, o ex-gestor do Estado lan\u00e7ou uma nota explicando a sua presen\u00e7a no hangar e criticando a \u201cescalada inescrupulosa das chamadas fake news\u201d contra ele.<\/p>\n\n\n\n<p>\u201cEssa estrat\u00e9gia \u00e9 pr\u00f3pria dos malandros, dos bandidos e dos covardes. Ao mesmo tempo em que desrespeitam e afrontam a cidadania e o direito \u00e0 informa\u00e7\u00e3o de qualidade e \u00e0 verdade p\u00fablica, esses indiv\u00edduos e grupos organizados escondem-se, muitas vezes, atr\u00e1s do anonimato e nas sombras das redes sociais\u201d, ressalta trecho da nota.<\/p>\n\n\n\n<p><strong>Leia na \u00edntegra:<\/strong><\/p>\n\n\n\n<p><em>NOTA AO POVO DE BEM DA PARA\u00cdBA<\/em><\/p>\n\n\n\n<p><em>A respeito das cal\u00fanias a meu respeito postadas, hoje, no perfil que certo indiv\u00edduo mant\u00e9m em uma das redes sociais; para esclarecimento da sociedade paraibana, manifesto publicamente o que segue:&nbsp;<\/em><br><em>1| Todos t\u00eam testemunhado, nos anos mais recentes, a escalada inescrupulosa das chamadas fake news (not\u00edcias falsas), especialmente nas redes sociais. Esse golpe cibern\u00e9tico da mentira \u00e9 transformado em instrumento criminoso de manipula\u00e7\u00e3o pol\u00edtica da opini\u00e3o p\u00fablica. O uso impune de inverdades, de meias-verdades e de truncagens tem sido crescente e voltado para abalar ou destruir reputa\u00e7\u00f5es e institui\u00e7\u00f5es e, at\u00e9 mesmo, para enganar cidad\u00e3os de boa-f\u00e9 e eleger presidentes (aqui e) mundo a fora. O territ\u00f3rio digital, ao mesmo tempo em que, virtuosamente, abriu espa\u00e7os de manifesta\u00e7\u00e3o de ideias e opini\u00f5es, destampou a caixa das imbecilidades e de tudo o mais que h\u00e1 de pior nas sociedades. O \u00f3dio preconceituoso, o fascismo oculto e dissimulado por tanto tempo, a burrice ideol\u00f3gica, as simples maldades e vontades de ferir. Todos sabem que \u00e9 assim.&nbsp;<\/em><br><em>2| Essa estrat\u00e9gia \u00e9 pr\u00f3pria dos malandros, dos bandidos e dos covardes. Ao mesmo tempo em que desrespeitam e afrontam a cidadania e o direito \u00e0 informa\u00e7\u00e3o de qualidade e \u00e0 verdade p\u00fablica, esses indiv\u00edduos e grupos organizados escondem-se, muitas vezes, atr\u00e1s do anonimato e nas sombras das redes sociais.&nbsp;<\/em><br><em>3| Por isso mesmo, sabemos que disciplinar, \u00e9tica e democraticamente, os recursos das novas tecnologias \u00e9 uma necessidade e um desafio para toda a sociedade.&nbsp;<\/em><br><em>4| Em nossa Para\u00edba, n\u00e3o tem sido diferente.<\/em><br><em>5| Desde que deixei o Governo do Estado, eventualmente, tenho sido objeto do ass\u00e9dio moral e de provoca\u00e7\u00f5es intimidat\u00f3rias por parte de indiv\u00edduos e grupos claramente orientados e\/ou motivados por raz\u00f5es torpes.<\/em><br><em>6| No epis\u00f3dio de hoje, veicularam, maliciosamente, imagens de minha presen\u00e7a num dos hangares do aeroporto Castro Pinto na companhia de Secret\u00e1rios de Estado. A tentativa de induzir parte da opini\u00e3o p\u00fablica ao erro e de insinuar cal\u00fanias seria apenas pat\u00e9tica e pueril, n\u00e3o fosse, tamb\u00e9m, repugnante e s\u00f3rdida.<\/em><\/p>\n\n\n\n<p><em>Estive no hangar, acompanhando, a pedido, dois Secret\u00e1rios Estaduais; at\u00e9 porque um deles precisava assinar 160 processos para n\u00e3o atrasar os benef\u00edcios que o Estado entregar\u00e1 nas plen\u00e1rias do OD desse fim de semana, em Sousa e Cajazeiras, em continuidade de uma pol\u00edtica p\u00fablica inclusiva e distributiva criada em nosso governo.&nbsp;<\/em><br><em>Gostem ou n\u00e3o esses indiv\u00edduos, sempre que convidado ou que necess\u00e1rio, estarei presente nos espa\u00e7os em que se trabalha em favor dos leg\u00edtimos interesses do povo da Para\u00edba.&nbsp;<\/em><br><em>7| Sei e muitos sabem que o que mal se oculta por tr\u00e1s desses indiv\u00edduos e grupos estranhos nada mais \u00e9 do que um inconformismo mesquinho. Neles e por tr\u00e1s deles borbulha um \u00f3dio pol\u00edtico e pessoal doentio pelo fato de que \u2013 com a for\u00e7a democr\u00e1tica da sociedade que elegeu e apoiou nosso governo \u2013 a Para\u00edba foi libertada do atraso e da mediocridade. A Para\u00edba tornou-se contempor\u00e2nea e modelo de governan\u00e7a e de \u00eaxito de pol\u00edticas p\u00fablicas voltadas para as infraestruturas social, log\u00edstica e econ\u00f4mica. O que se esconde nesses ataques \u00e0 democracia \u2013 mais do que a mim, s\u00e3o atentados aos direitos e conquistas soberanas do povo e da sociedade paraibanos \u2013, o que se esconde por tr\u00e1s desses indiv\u00edduos e ajuntamentos s\u00e3o interesses inconfess\u00e1veis; s\u00e3o biografias chocantes; s\u00e3o o gosto e o costume por tenebrosas transa\u00e7\u00f5es; \u00e9 o desejo depravado e inaceit\u00e1vel de levar a Para\u00edba de volta ao pior de seu passado. Para isso, como essa gente n\u00e3o tem escr\u00fapulos, acham que podem tudo. Provocar, mentir, trapacear, caluniar, difamar. Pensam, primitivamente, que, assim, podem destruir reputa\u00e7\u00f5es; pensam, arrogantemente, que todas as cidad\u00e3s e cidad\u00e3os s\u00e3o tolos, desinformados, sem mem\u00f3ria, sem opini\u00e3o. Est\u00e3o enganados. As paraibanas e paraibanos t\u00eam mostrado justo o contr\u00e1rio. Com a efetiva defesa dos espa\u00e7os, das institui\u00e7\u00f5es e de seus representantes democr\u00e1ticos. Seja com o seu voto, seja com seus atos de consci\u00eancia e de luta.&nbsp;<\/em><br><em>A defesa e o aperfei\u00e7oamento da democracia como modelo imprescind\u00edvel de organiza\u00e7\u00e3o da sociedade e com valor universal unifica a enorme maioria dos paraibanos e dos brasileiros. Em nossa concep\u00e7\u00e3o democr\u00e1tica, as eventuais minorias devem ter assegurados seus direitos e espa\u00e7os de manifesta\u00e7\u00e3o livre. Respeitadas, contudo, as leis vigentes, a vontade soberana do povo, a conduta \u00e9tico-pol\u00edtica, a dignidade e os direitos das pessoas.&nbsp;<\/em><br><em>Por essas raz\u00f5es, iniciativas e condutas de natureza fascista, como essas que v\u00eam sendo tentadas contra a minha pessoa, merecem o nosso mais veemente rep\u00fadio, nossa profunda indigna\u00e7\u00e3o e nosso firme combate. N\u00e3o por mim, mas por todos n\u00f3s. Pelo que conquistamos e constru\u00edmos juntos. Por nosso patrim\u00f4nio coletivo, social e \u00e9tico.&nbsp;<\/em><br><em>Se eles pensam que, desse modo, alcan\u00e7ar\u00e3o seus objetivos mesquinhos, est\u00e3o redondamente enganados.&nbsp;<\/em><br><em>Na Para\u00edba, pelas paraibanas e pelos paraibanos, eles n\u00e3o passar\u00e3o!<\/em><\/p>\n\n\n\n<p><em>Jo\u00e3o Pessoa, 26 de abril de 2019.<\/em><\/p>\n\n\n\n<p><em>RICARDO VIEIRA COUTINHO<\/em><\/p>\n","protected":false},"excerpt":{"rendered":"<p>Ap\u00f3s a publica\u00e7\u00e3o em portais e blogs da Para\u00edba de um v\u00eddeo onde Ricardo Coutinho aparece transportando uma mala para um ve\u00edculo estilo picape da&hellip; <\/p>\n","protected":false},"author":1,"featured_media":53143,"comment_status":"closed","ping_status":"closed","sticky":false,"template":"","format":"standard","meta":{"sfsi_plus_gutenberg_text_before_share":"","sfsi_plus_gutenberg_show_text_before_share":"","sfsi_plus_gutenberg_icon_type":"","sfsi_plus_gutenberg_icon_alignemt":"","sfsi_plus_gutenburg_max_per_row":"","footnotes":""},"categories":[11],"tags":[],"class_list":["post-93073","post","type-post","status-publish","format-standard","has-post-thumbnail","hentry","category-politica"],"_links":{"self":[{"href":"https:\/\/www.caririemacao.com\/1\/wp-json\/wp\/v2\/posts\/93073","targetHints":{"allow":["GET"]}}],"collection":[{"href":"https:\/\/www.caririemacao.com\/1\/wp-json\/wp\/v2\/posts"}],"about":[{"href":"https:\/\/www.caririemacao.com\/1\/wp-json\/wp\/v2\/types\/post"}],"author":[{"embeddable":true,"href":"https:\/\/www.caririemacao.com\/1\/wp-json\/wp\/v2\/users\/1"}],"replies":[{"embeddable":true,"href":"https:\/\/www.caririemacao.com\/1\/wp-json\/wp\/v2\/comments?post=93073"}],"version-history":[{"count":1,"href":"https:\/\/www.caririemacao.com\/1\/wp-json\/wp\/v2\/posts\/93073\/revisions"}],"predecessor-version":[{"id":93074,"href":"https:\/\/www.caririemacao.com\/1\/wp-json\/wp\/v2\/posts\/93073\/revisions\/93074"}],"wp:featuredmedia":[{"embeddable":true,"href":"https:\/\/www.caririemacao.com\/1\/wp-json\/wp\/v2\/media\/53143"}],"wp:attachment":[{"href":"https:\/\/www.caririemacao.com\/1\/wp-json\/wp\/v2\/media?parent=93073"}],"wp:term":[{"taxonomy":"category","embeddable":true,"href":"https:\/\/www.caririemacao.com\/1\/wp-json\/wp\/v2\/categories?post=93073"},{"taxonomy":"post_tag","embeddable":true,"href":"https:\/\/www.caririemacao.com\/1\/wp-json\/wp\/v2\/tags?post=93073"}],"curies":[{"name":"wp","href":"https:\/\/api.w.org\/{rel}","templated":true}]}}