{"id":93078,"date":"2019-04-27T07:43:53","date_gmt":"2019-04-27T10:43:53","guid":{"rendered":"http:\/\/www.caririemacao.com\/1\/?p=93078"},"modified":"2019-04-27T07:43:53","modified_gmt":"2019-04-27T10:43:53","slug":"flamengo-contrata-paraibana-lu-meireles-maior-destaque-do-futebol-feminino-na-pb","status":"publish","type":"post","link":"https:\/\/www.caririemacao.com\/1\/2019\/04\/27\/flamengo-contrata-paraibana-lu-meireles-maior-destaque-do-futebol-feminino-na-pb\/","title":{"rendered":"Flamengo contrata paraibana Lu Meireles, maior destaque do futebol feminino na PB"},"content":{"rendered":"\n<p>Invicto no Campeonato Brasileiro Feminino A1 com cinco vit\u00f3rias em seis jogos e 19 gols marcados, o Flamengo quer manter a boa fase e seguir balan\u00e7ando as redes com frequ\u00eancia. Por isso, o Rubro-Negro tem como o seu mais novo refor\u00e7o a paraibana Lu Meireles, de 31 anos. Artilheira vestindo a camisa do Botafogo-PB em edi\u00e7\u00f5es do campeonato estadual, a centroavante tem sido o principal destaque do futebol feminino na Para\u00edba nos \u00faltimos anos.<\/p>\n\n\n\n<p>A mudan\u00e7a para o futebol carioca ser\u00e1 o maior desafio da sua carreira e o segundo a n\u00edvel nacional. No ano passado, Lu vestiu a camisa da Ferrovi\u00e1ria-SP por dez meses e marcou cinco gols (dois no Paulista e tr\u00eas no Brasileiro A1). Na temporada atual, a atacante chegou a atuar pelo Botafogo-PB na estreia pelo Brasileiro A2, vencendo o Canind\u00e9-SE por 3 a 1.<\/p>\n\n\n\n<p>Entusiasmada com o momento que est\u00e1 se iniciando na G\u00e1vea, Lu garante que est\u00e1 realizando um sonho.<\/p>\n\n\n\n<p>\u201cEstou chegando no patamar que qualquer jogadora quer e sonha. Daqui para a frente poderei viver do futebol e confesso que a ficha ainda n\u00e3o caiu totalmente. O Flamengo \u00e9 um grande clube e, se recebi essa oportunidade vou dar o m\u00e1ximo de mim, assim como fiz at\u00e9 hoje em todos os momentos em que estive no gramado\u201d, declarou.<\/p>\n\n\n\n<p>A paraibana j\u00e1 est\u00e1 morando no Rio de Janeiro e, mesmo antes da divulga\u00e7\u00e3o oficial da sua chegada ao Flamengo, participou de treinos junto com o elenco do t\u00e9cnico Ricardo Abrantes.<\/p>\n\n\n\n<p>Lu Meireles come\u00e7ou no futebol em 2008, com uma r\u00e1pida passagem por um projeto sediado na cidade de Guarabira (distante 105km de Jo\u00e3o Pessoa), que levava o nome do Treze, tradicional clube de Campina Grande. No ano seguinte, a atacante recebeu um convite da t\u00e9cnica Gleide Costa para se transferir para o Botafogo-PB, clube que defendeu por nove anos, j\u00e1 que em 2012, quase todo o elenco alvinegro fez uma campanha com o Kashima, tamb\u00e9m da Para\u00edba, dando ao time o seu \u00fanico t\u00edtulo de campe\u00e3o paraibano.<\/p>\n\n\n\n<p>Com cinco t\u00edtulos estaduais, sendo quatro pelo Botafogo-PB, a atacante ainda foi artilheira em tr\u00eas edi\u00e7\u00f5es da competi\u00e7\u00e3o, construindo assim a sua fama de goleadora. Em 2016, Lu fechou a temporada com 20 gols e em 2017 chegou aos dez.<\/p>\n\n\n\n<h3 class=\"wp-block-heading\">O sonho de voltar \u00e0 Sele\u00e7\u00e3o<\/h3>\n\n\n\n<figure class=\"wp-block-image\"><img decoding=\"async\" data-src=\"https:\/\/paraibaja.com.br\/wp-content\/uploads\/2019\/04\/lu-meireles-sele%C3%A7%C3%A3o-brasileira-feminina-1024x682.jpg\" alt=\"\" class=\"wp-image-145310 lazyload\" src=\"data:image\/svg+xml;base64,PHN2ZyB3aWR0aD0iMSIgaGVpZ2h0PSIxIiB4bWxucz0iaHR0cDovL3d3dy53My5vcmcvMjAwMC9zdmciPjwvc3ZnPg==\" style=\"--smush-placeholder-width: 1024px; --smush-placeholder-aspect-ratio: 1024\/682;\" \/><figcaption>(Foto: Lucas Figueiredo\/CBF)<\/figcaption><\/figure>\n\n\n\n<p>Lu Meireles ainda sonha em retornar \u00e0 sele\u00e7\u00e3o brasileira. Em 2017, ap\u00f3s ter sido observada pela ent\u00e3o t\u00e9cnica Emily Lima, ela foi a primeira paraibana a ser convocada para o time principal na hist\u00f3ria. Na ocasi\u00e3o, a atacante participou de um per\u00edodo de treinos na Granja Comary, em Teres\u00f3polis-RJ.<\/p>\n\n\n\n<p>Antes dela, a lateral-direita paraibana Amandinha tamb\u00e9m teve uma oportunidade, mas na \u00e9poca a convoca\u00e7\u00e3o foi para integrar o elenco sub-20.<\/p>\n\n\n\n<p>Com esta nova fase que ser\u00e1 vivida no Flamengo, Lu acredita que ter\u00e1 condi\u00e7\u00f5es de ter mais visibilidade e assim pode ter uma nova chance, agora \u201cgarimpada\u201d pelos olhos do t\u00e9cnico Vad\u00e3o, que atualmente comanda o time feminino do Brasil. As informa\u00e7\u00f5es s\u00e3o do&nbsp;<a href=\"https:\/\/globoesporte.globo.com\/pb\" target=\"_blank\" rel=\"noreferrer noopener\"><strong>GloboEsporte.com PB<\/strong><\/a>.<\/p>\n","protected":false},"excerpt":{"rendered":"<p>Invicto no Campeonato Brasileiro Feminino A1 com cinco vit\u00f3rias em seis jogos e 19 gols marcados, o Flamengo quer manter a boa fase e seguir&hellip; <\/p>\n","protected":false},"author":1,"featured_media":93079,"comment_status":"closed","ping_status":"closed","sticky":false,"template":"","format":"standard","meta":{"sfsi_plus_gutenberg_text_before_share":"","sfsi_plus_gutenberg_show_text_before_share":"","sfsi_plus_gutenberg_icon_type":"","sfsi_plus_gutenberg_icon_alignemt":"","sfsi_plus_gutenburg_max_per_row":"","footnotes":""},"categories":[13],"tags":[],"class_list":["post-93078","post","type-post","status-publish","format-standard","has-post-thumbnail","hentry","category-esportes"],"_links":{"self":[{"href":"https:\/\/www.caririemacao.com\/1\/wp-json\/wp\/v2\/posts\/93078","targetHints":{"allow":["GET"]}}],"collection":[{"href":"https:\/\/www.caririemacao.com\/1\/wp-json\/wp\/v2\/posts"}],"about":[{"href":"https:\/\/www.caririemacao.com\/1\/wp-json\/wp\/v2\/types\/post"}],"author":[{"embeddable":true,"href":"https:\/\/www.caririemacao.com\/1\/wp-json\/wp\/v2\/users\/1"}],"replies":[{"embeddable":true,"href":"https:\/\/www.caririemacao.com\/1\/wp-json\/wp\/v2\/comments?post=93078"}],"version-history":[{"count":1,"href":"https:\/\/www.caririemacao.com\/1\/wp-json\/wp\/v2\/posts\/93078\/revisions"}],"predecessor-version":[{"id":93080,"href":"https:\/\/www.caririemacao.com\/1\/wp-json\/wp\/v2\/posts\/93078\/revisions\/93080"}],"wp:featuredmedia":[{"embeddable":true,"href":"https:\/\/www.caririemacao.com\/1\/wp-json\/wp\/v2\/media\/93079"}],"wp:attachment":[{"href":"https:\/\/www.caririemacao.com\/1\/wp-json\/wp\/v2\/media?parent=93078"}],"wp:term":[{"taxonomy":"category","embeddable":true,"href":"https:\/\/www.caririemacao.com\/1\/wp-json\/wp\/v2\/categories?post=93078"},{"taxonomy":"post_tag","embeddable":true,"href":"https:\/\/www.caririemacao.com\/1\/wp-json\/wp\/v2\/tags?post=93078"}],"curies":[{"name":"wp","href":"https:\/\/api.w.org\/{rel}","templated":true}]}}