{"id":93195,"date":"2019-04-28T12:36:38","date_gmt":"2019-04-28T15:36:38","guid":{"rendered":"http:\/\/www.caririemacao.com\/1\/?p=93195"},"modified":"2019-04-28T12:36:38","modified_gmt":"2019-04-28T15:36:38","slug":"inscricoes-para-vagas-de-emprego-na-uepb-com-salarios-de-r-33-mil-terminam-neste-domingo","status":"publish","type":"post","link":"https:\/\/www.caririemacao.com\/1\/2019\/04\/28\/inscricoes-para-vagas-de-emprego-na-uepb-com-salarios-de-r-33-mil-terminam-neste-domingo\/","title":{"rendered":"Inscri\u00e7\u00f5es para vagas de emprego na UEPB com sal\u00e1rios de R$ 3,3 mil terminam neste domingo"},"content":{"rendered":"\n<p>O prazo de inscri\u00e7\u00f5es do Processo Seletivo Simplificado para&nbsp;preencher&nbsp;10 vagas do quadro tempor\u00e1rio para bibliotec\u00e1rios nos campi de Campina Grande, Monteiro e Patos da Universidade Estadual da Para\u00edba (UEPB) termina neste domingo (28).&nbsp;A remunera\u00e7\u00e3o \u00e9 de R$ 3.396,43 para um regime de trabalho de 40 horas semanais.<a href=\"https:\/\/cpcon.uepb.edu.br\/concursos\/Processo_Seletivo_Bibliotecario\/\">Veja aqui o edital.<\/a><br><\/p>\n\n\n\n<p>As inscri\u00e7\u00f5es devem ser feitas pela internet<a href=\"https:\/\/cpcon.uepb.edu.br\/concursos\/Processo_Seletivo_Bibliotecario\/\">, atrav\u00e9s do site<\/a>. S\u00e3o requisitos m\u00ednimos exigidos dos candidatos a comprova\u00e7\u00e3o de curso superior em Biblioteconomia e registro no Conselho Regional de Biblioteconomia (CRB).<\/p>\n\n\n\n<p>A primeira constar\u00e1 de prova escrita objetiva de car\u00e1ter eliminat\u00f3rio e classificat\u00f3rio, nas \u00e1reas de Portugu\u00eas, Racioc\u00ednio L\u00f3gico e Conhecimentos Espec\u00edficos, a ser realizada no dia 26 de maio.<br><\/p>\n\n\n\n<p>A segunda fase constar\u00e1 de Prova de T\u00edtulos de car\u00e1ter classificat\u00f3rio, os quais dever\u00e3o ser encaminhados pelos candidatos convocados atrav\u00e9s de fotoc\u00f3pias autenticadas \u00e0 CPCON, presencialmente ou por Sedex, entre os dias 5 e 7 de junho.<\/p>\n\n\n\n<p>A execu\u00e7\u00e3o do Processo Seletivo ser\u00e1 de responsabilidade da Comiss\u00e3o Permanente de Concursos (CPCON), que o efetivar\u00e1 em duas fases distintas.<br><\/p>\n\n\n\n<p>O resultado final da sele\u00e7\u00e3o ser\u00e1 divulgado no dia 26 de junho. Outras informa\u00e7\u00f5es podem ser obtidas atrav\u00e9s do e-mail cpcon@uepb.edu.br ou pelos telefones (83) 3315-3368 ou 3315- 3405.<\/p>\n","protected":false},"excerpt":{"rendered":"<p>O prazo de inscri\u00e7\u00f5es do Processo Seletivo Simplificado para&nbsp;preencher&nbsp;10 vagas do quadro tempor\u00e1rio para bibliotec\u00e1rios nos campi de Campina Grande, Monteiro e Patos da Universidade&hellip; <\/p>\n","protected":false},"author":1,"featured_media":56812,"comment_status":"closed","ping_status":"closed","sticky":false,"template":"","format":"standard","meta":{"sfsi_plus_gutenberg_text_before_share":"","sfsi_plus_gutenberg_show_text_before_share":"","sfsi_plus_gutenberg_icon_type":"","sfsi_plus_gutenberg_icon_alignemt":"","sfsi_plus_gutenburg_max_per_row":"","footnotes":""},"categories":[14],"tags":[],"class_list":["post-93195","post","type-post","status-publish","format-standard","has-post-thumbnail","hentry","category-educacao"],"_links":{"self":[{"href":"https:\/\/www.caririemacao.com\/1\/wp-json\/wp\/v2\/posts\/93195","targetHints":{"allow":["GET"]}}],"collection":[{"href":"https:\/\/www.caririemacao.com\/1\/wp-json\/wp\/v2\/posts"}],"about":[{"href":"https:\/\/www.caririemacao.com\/1\/wp-json\/wp\/v2\/types\/post"}],"author":[{"embeddable":true,"href":"https:\/\/www.caririemacao.com\/1\/wp-json\/wp\/v2\/users\/1"}],"replies":[{"embeddable":true,"href":"https:\/\/www.caririemacao.com\/1\/wp-json\/wp\/v2\/comments?post=93195"}],"version-history":[{"count":1,"href":"https:\/\/www.caririemacao.com\/1\/wp-json\/wp\/v2\/posts\/93195\/revisions"}],"predecessor-version":[{"id":93196,"href":"https:\/\/www.caririemacao.com\/1\/wp-json\/wp\/v2\/posts\/93195\/revisions\/93196"}],"wp:featuredmedia":[{"embeddable":true,"href":"https:\/\/www.caririemacao.com\/1\/wp-json\/wp\/v2\/media\/56812"}],"wp:attachment":[{"href":"https:\/\/www.caririemacao.com\/1\/wp-json\/wp\/v2\/media?parent=93195"}],"wp:term":[{"taxonomy":"category","embeddable":true,"href":"https:\/\/www.caririemacao.com\/1\/wp-json\/wp\/v2\/categories?post=93195"},{"taxonomy":"post_tag","embeddable":true,"href":"https:\/\/www.caririemacao.com\/1\/wp-json\/wp\/v2\/tags?post=93195"}],"curies":[{"name":"wp","href":"https:\/\/api.w.org\/{rel}","templated":true}]}}