{"id":93197,"date":"2019-04-28T12:40:19","date_gmt":"2019-04-28T15:40:19","guid":{"rendered":"http:\/\/www.caririemacao.com\/1\/?p=93197"},"modified":"2019-04-28T12:40:19","modified_gmt":"2019-04-28T15:40:19","slug":"paraiba-pode-perder-r-115-bilhoes-em-verbas-para-educacao-com-fim-do-fundeb","status":"publish","type":"post","link":"https:\/\/www.caririemacao.com\/1\/2019\/04\/28\/paraiba-pode-perder-r-115-bilhoes-em-verbas-para-educacao-com-fim-do-fundeb\/","title":{"rendered":"Para\u00edba pode perder R$ 11,5 bilh\u00f5es em verbas para educa\u00e7\u00e3o com fim do Fundeb"},"content":{"rendered":"\n<p>Os 223 munic\u00edpios paraibanos correm o risco de perder um total de R$ 11.538.487,39 em recursos do Fundo de Manuten\u00e7\u00e3o e Desenvolvimento da Educa\u00e7\u00e3o B\u00e1sica e de Valoriza\u00e7\u00e3o dos Profissionais da Educa\u00e7\u00e3o (Fundeb), criado em 2007 e previsto para acabar no pr\u00f3ximo ano.&nbsp;<\/p>\n\n\n\n<p>Contra esse destino, haver\u00e1 uma&nbsp;reuni\u00e3o ainda esse m\u00eas com a bancada federal paraibana para pressionar os deputados federais e senadores&nbsp;para que lutem para incluir o fundo na Constitui\u00e7\u00e3o Federal, para que ele seja permanente.<\/p>\n\n\n\n<p>&#8220;Para se ter uma ideia do poss\u00edvel preju\u00edzo com o seu fim, o Fundo representa para cerca de mil munic\u00edpios brasileiros mais de 80% dos recursos de investimento em Educa\u00e7\u00e3o; ou seja, sua extin\u00e7\u00e3o levaria \u00e0 quebra dos cofres p\u00fablicos dessas cidades\u201d, explicou&nbsp;o presidente da Famup, George Coelho.<\/p>\n\n\n\n<p>Na pr\u00e1tica, o Fundeb permite que os munic\u00edpios mais pobres, em m\u00e9dia, dobrem a disponibilidade de recursos para investir por aluno (valor aluno\/ano).&nbsp;<br>&nbsp;<br>O Fundeb \u00e9 a principal fonte de recursos das redes p\u00fablicas de ensino do Brasil, distribuindo quase R$ 150 bilh\u00f5es \u2013 vindos de impostos j\u00e1 vinculados \u00e0 Educa\u00e7\u00e3o \u2013 de acordo com o n\u00famero de estudantes matriculados que cada prefeitura ou governo do Estado possui. Criado em 2006, em substitui\u00e7\u00e3o ao Fundef (que vigorou a partir de 1997), o fundo funciona repartindo recursos de quem tem muito com quem tem pouco.<\/p>\n\n\n\n<p>No Dia da Educa\u00e7\u00e3o (28 de abril), a Federa\u00e7\u00e3o das Associa\u00e7\u00f5es de Munic\u00edpios Paraibanos (Famup) defende uma discuss\u00e3o ampla com o Congresso Nacional com o objetivo de tornar o fundo permanente e afirma que as cidades n\u00e3o ter\u00e3o como cuidar da edu\u00e7\u00e3o sem esse recurso.<\/p>\n","protected":false},"excerpt":{"rendered":"<p>Os 223 munic\u00edpios paraibanos correm o risco de perder um total de R$ 11.538.487,39 em recursos do Fundo de Manuten\u00e7\u00e3o e Desenvolvimento da Educa\u00e7\u00e3o B\u00e1sica&hellip; <\/p>\n","protected":false},"author":1,"featured_media":38050,"comment_status":"closed","ping_status":"closed","sticky":false,"template":"","format":"standard","meta":{"sfsi_plus_gutenberg_text_before_share":"","sfsi_plus_gutenberg_show_text_before_share":"","sfsi_plus_gutenberg_icon_type":"","sfsi_plus_gutenberg_icon_alignemt":"","sfsi_plus_gutenburg_max_per_row":"","footnotes":""},"categories":[2],"tags":[],"class_list":["post-93197","post","type-post","status-publish","format-standard","has-post-thumbnail","hentry","category-geral"],"_links":{"self":[{"href":"https:\/\/www.caririemacao.com\/1\/wp-json\/wp\/v2\/posts\/93197","targetHints":{"allow":["GET"]}}],"collection":[{"href":"https:\/\/www.caririemacao.com\/1\/wp-json\/wp\/v2\/posts"}],"about":[{"href":"https:\/\/www.caririemacao.com\/1\/wp-json\/wp\/v2\/types\/post"}],"author":[{"embeddable":true,"href":"https:\/\/www.caririemacao.com\/1\/wp-json\/wp\/v2\/users\/1"}],"replies":[{"embeddable":true,"href":"https:\/\/www.caririemacao.com\/1\/wp-json\/wp\/v2\/comments?post=93197"}],"version-history":[{"count":1,"href":"https:\/\/www.caririemacao.com\/1\/wp-json\/wp\/v2\/posts\/93197\/revisions"}],"predecessor-version":[{"id":93198,"href":"https:\/\/www.caririemacao.com\/1\/wp-json\/wp\/v2\/posts\/93197\/revisions\/93198"}],"wp:featuredmedia":[{"embeddable":true,"href":"https:\/\/www.caririemacao.com\/1\/wp-json\/wp\/v2\/media\/38050"}],"wp:attachment":[{"href":"https:\/\/www.caririemacao.com\/1\/wp-json\/wp\/v2\/media?parent=93197"}],"wp:term":[{"taxonomy":"category","embeddable":true,"href":"https:\/\/www.caririemacao.com\/1\/wp-json\/wp\/v2\/categories?post=93197"},{"taxonomy":"post_tag","embeddable":true,"href":"https:\/\/www.caririemacao.com\/1\/wp-json\/wp\/v2\/tags?post=93197"}],"curies":[{"name":"wp","href":"https:\/\/api.w.org\/{rel}","templated":true}]}}