{"id":93348,"date":"2019-04-29T15:26:44","date_gmt":"2019-04-29T18:26:44","guid":{"rendered":"http:\/\/www.caririemacao.com\/1\/?p=93348"},"modified":"2019-04-29T15:26:44","modified_gmt":"2019-04-29T18:26:44","slug":"radio-experimental-e-novidade-na-festa-de-emancipacao-politica-de-amparo","status":"publish","type":"post","link":"https:\/\/www.caririemacao.com\/1\/2019\/04\/29\/radio-experimental-e-novidade-na-festa-de-emancipacao-politica-de-amparo\/","title":{"rendered":"R\u00e1dio Experimental \u00e9 novidade na Festa de Emancipa\u00e7\u00e3o Pol\u00edtica de Amparo"},"content":{"rendered":"\n<p>Nas comemora\u00e7\u00f5es de 25 anos de emancipa\u00e7\u00e3o pol\u00edtica de Amparo-PB, uma experi\u00eancia nova faz parte da programa\u00e7\u00e3o da festa, uma Emissora de R\u00e1dio Experimental, transmite ao vivo as festividades.<br>O Jornalista Luiz Henrique est\u00e1 mostrando a novidade \u00e0 comunidade local.&nbsp;<em>\u201cEsse \u00e9 um passo para come\u00e7ar a organiza\u00e7\u00e3o da R\u00e1dio Comunit\u00e1ria de Amparo. O munic\u00edpio j\u00e1 est\u00e1 na Lista do Plano Nacional de Outorga \u2013 PNO \u2013 que autoriza o funcionamento de uma emissora na cidade. Estou aqui para contribuir com a festa e animar a comunidade para conquistar sua r\u00e1dio\u201d,<\/em>&nbsp;disse o Jornalista Luiz Henrique.<br>A r\u00e1dio funcionar\u00e1 durante todo dia de domingo (28 de abril) no estande da festa. A frequ\u00eancia da R\u00e1dio \u00e9 104,9 MHz e com alcance de at\u00e9 10km de raio. Portanto, a cobertura \u00e9 em todo munic\u00edpio. O radialista Wanderley Paulo vai comandar a programa\u00e7\u00e3o da R\u00e1dio Experimental AMPARO FM.<br><em>Luiz Henrique<\/em><\/p>\n","protected":false},"excerpt":{"rendered":"<p>Nas comemora\u00e7\u00f5es de 25 anos de emancipa\u00e7\u00e3o pol\u00edtica de Amparo-PB, uma experi\u00eancia nova faz parte da programa\u00e7\u00e3o da festa, uma Emissora de R\u00e1dio Experimental, transmite&hellip; <\/p>\n","protected":false},"author":1,"featured_media":93349,"comment_status":"closed","ping_status":"closed","sticky":false,"template":"","format":"standard","meta":{"sfsi_plus_gutenberg_text_before_share":"","sfsi_plus_gutenberg_show_text_before_share":"","sfsi_plus_gutenberg_icon_type":"","sfsi_plus_gutenberg_icon_alignemt":"","sfsi_plus_gutenburg_max_per_row":"","footnotes":""},"categories":[6,50],"tags":[],"class_list":["post-93348","post","type-post","status-publish","format-standard","has-post-thumbnail","hentry","category-cidades","category-destaque"],"_links":{"self":[{"href":"https:\/\/www.caririemacao.com\/1\/wp-json\/wp\/v2\/posts\/93348","targetHints":{"allow":["GET"]}}],"collection":[{"href":"https:\/\/www.caririemacao.com\/1\/wp-json\/wp\/v2\/posts"}],"about":[{"href":"https:\/\/www.caririemacao.com\/1\/wp-json\/wp\/v2\/types\/post"}],"author":[{"embeddable":true,"href":"https:\/\/www.caririemacao.com\/1\/wp-json\/wp\/v2\/users\/1"}],"replies":[{"embeddable":true,"href":"https:\/\/www.caririemacao.com\/1\/wp-json\/wp\/v2\/comments?post=93348"}],"version-history":[{"count":1,"href":"https:\/\/www.caririemacao.com\/1\/wp-json\/wp\/v2\/posts\/93348\/revisions"}],"predecessor-version":[{"id":93350,"href":"https:\/\/www.caririemacao.com\/1\/wp-json\/wp\/v2\/posts\/93348\/revisions\/93350"}],"wp:featuredmedia":[{"embeddable":true,"href":"https:\/\/www.caririemacao.com\/1\/wp-json\/wp\/v2\/media\/93349"}],"wp:attachment":[{"href":"https:\/\/www.caririemacao.com\/1\/wp-json\/wp\/v2\/media?parent=93348"}],"wp:term":[{"taxonomy":"category","embeddable":true,"href":"https:\/\/www.caririemacao.com\/1\/wp-json\/wp\/v2\/categories?post=93348"},{"taxonomy":"post_tag","embeddable":true,"href":"https:\/\/www.caririemacao.com\/1\/wp-json\/wp\/v2\/tags?post=93348"}],"curies":[{"name":"wp","href":"https:\/\/api.w.org\/{rel}","templated":true}]}}