{"id":93352,"date":"2019-04-29T15:40:22","date_gmt":"2019-04-29T18:40:22","guid":{"rendered":"http:\/\/www.caririemacao.com\/1\/?p=93352"},"modified":"2019-04-29T15:40:22","modified_gmt":"2019-04-29T18:40:22","slug":"adilson-medeiros-e-sandra-bele-fazem-shows-em-comemoracao-aos-25-anos-de-zabele","status":"publish","type":"post","link":"https:\/\/www.caririemacao.com\/1\/2019\/04\/29\/adilson-medeiros-e-sandra-bele-fazem-shows-em-comemoracao-aos-25-anos-de-zabele\/","title":{"rendered":"Adilson Medeiros e Sandra Bel\u00ea fazem shows em comemora\u00e7\u00e3o aos 25 anos de Zabel\u00ea"},"content":{"rendered":"\n<p>A cidade de <strong>Zabel\u00ea<\/strong> chegou no ultimo dia das comemora\u00e7\u00f5es dentro da grade de shows da 19\u00aa Corrida de Jegues e 25 anos de emancipa\u00e7\u00e3o pol\u00edtica.&nbsp;Para comemorar os 25 anos de emancipa\u00e7\u00e3o pol\u00edtica a prefeitura municipal de <strong>Zabel\u00ea<\/strong> realizou uma queima de fogos as 00h:00 e na manh\u00e3 desta segunda-feira o hasteamento das bandeiras Municipal, Estadual e Nacional, em seguida foi cantado os parab\u00e9ns com a presen\u00e7a do prefeito Dalyson Neves, vice-prefeito Jos\u00e9 Cl\u00e1udio, vereadores, secret\u00e1rios e popula\u00e7\u00e3o. &nbsp;Foi servido um bolo de 25 metros, para fechar com chave de ouro a popula\u00e7\u00e3o vai dan\u00e7ar muito forr\u00f3 com Vanessa Vidal, Daniel Medeiros, Adilson Medeiros e Sandra Bel\u00ea a partir das 20h:00. <\/p>\n","protected":false},"excerpt":{"rendered":"<p>A cidade de Zabel\u00ea chegou no ultimo dia das comemora\u00e7\u00f5es dentro da grade de shows da 19\u00aa Corrida de Jegues e 25 anos de emancipa\u00e7\u00e3o&hellip; <\/p>\n","protected":false},"author":1,"featured_media":93353,"comment_status":"closed","ping_status":"closed","sticky":false,"template":"","format":"standard","meta":{"sfsi_plus_gutenberg_text_before_share":"","sfsi_plus_gutenberg_show_text_before_share":"","sfsi_plus_gutenberg_icon_type":"","sfsi_plus_gutenberg_icon_alignemt":"","sfsi_plus_gutenburg_max_per_row":"","footnotes":""},"categories":[6,50],"tags":[],"class_list":["post-93352","post","type-post","status-publish","format-standard","has-post-thumbnail","hentry","category-cidades","category-destaque"],"_links":{"self":[{"href":"https:\/\/www.caririemacao.com\/1\/wp-json\/wp\/v2\/posts\/93352","targetHints":{"allow":["GET"]}}],"collection":[{"href":"https:\/\/www.caririemacao.com\/1\/wp-json\/wp\/v2\/posts"}],"about":[{"href":"https:\/\/www.caririemacao.com\/1\/wp-json\/wp\/v2\/types\/post"}],"author":[{"embeddable":true,"href":"https:\/\/www.caririemacao.com\/1\/wp-json\/wp\/v2\/users\/1"}],"replies":[{"embeddable":true,"href":"https:\/\/www.caririemacao.com\/1\/wp-json\/wp\/v2\/comments?post=93352"}],"version-history":[{"count":1,"href":"https:\/\/www.caririemacao.com\/1\/wp-json\/wp\/v2\/posts\/93352\/revisions"}],"predecessor-version":[{"id":93354,"href":"https:\/\/www.caririemacao.com\/1\/wp-json\/wp\/v2\/posts\/93352\/revisions\/93354"}],"wp:featuredmedia":[{"embeddable":true,"href":"https:\/\/www.caririemacao.com\/1\/wp-json\/wp\/v2\/media\/93353"}],"wp:attachment":[{"href":"https:\/\/www.caririemacao.com\/1\/wp-json\/wp\/v2\/media?parent=93352"}],"wp:term":[{"taxonomy":"category","embeddable":true,"href":"https:\/\/www.caririemacao.com\/1\/wp-json\/wp\/v2\/categories?post=93352"},{"taxonomy":"post_tag","embeddable":true,"href":"https:\/\/www.caririemacao.com\/1\/wp-json\/wp\/v2\/tags?post=93352"}],"curies":[{"name":"wp","href":"https:\/\/api.w.org\/{rel}","templated":true}]}}