{"id":93356,"date":"2019-04-29T15:44:23","date_gmt":"2019-04-29T18:44:23","guid":{"rendered":"http:\/\/www.caririemacao.com\/1\/?p=93356"},"modified":"2019-04-29T15:44:23","modified_gmt":"2019-04-29T18:44:23","slug":"apos-declaracoes-do-prefeito-helder-vereadores-da-oposicao-emite-nota-e-rebate-acusacoes","status":"publish","type":"post","link":"https:\/\/www.caririemacao.com\/1\/2019\/04\/29\/apos-declaracoes-do-prefeito-helder-vereadores-da-oposicao-emite-nota-e-rebate-acusacoes\/","title":{"rendered":"Ap\u00f3s declara\u00e7\u00f5es do prefeito H\u00e9lder, vereadores da oposi\u00e7\u00e3o emite nota e rebate acusa\u00e7\u00f5es"},"content":{"rendered":"\n<p>Ap\u00f3s mat\u00e9ria veiculada pelo portal De Olho no Cariri, em que o prefeito de S\u00e3o Jo\u00e3o do Cariri, H\u00e9lder Trajano, rebateu fortemente as cr\u00edticas feitas pela oposi\u00e7\u00e3o da cidade, os vereadores oposicionistas enviaram a nossa reportagem, uma nota oficial sobre as declara\u00e7\u00f5es do prefeito H\u00e9lder aos ve\u00edculos de imprensa da regi\u00e3o feitas nos \u00faltimos dias.<\/p>\n\n\n\n<p><strong>CONFIRA A NOTA:&nbsp;<\/strong><\/p>\n\n\n\n<p><em>Lamentando mais uma vez o comportamento do Prefeito interino H\u00e9lder Trajano , atrav\u00e9s desta informamos que como representante leg\u00edtimo do Povo , estamos fazendo o papel que nos confere de fiscalizar e legislar conforme diz a Lei e o Regimento Interno. Portanto , seguiremos a nossa fun\u00e7\u00e3o : Acontece que como \u00e9 conhecimento de todos o nosso regimento e nossa Lei Org\u00e2nica bem sendo descumprida corriqueiramente , mais o fato em baila se registra numa antecipa\u00e7\u00e3o de uma sess\u00e3o ileg\u00edtima e que escondeu entre outra coisas no seu chamamento uma abertura de Cr\u00e9dito Especial no valor de 183.500 retirando da educa\u00e7\u00e3o do nosso munic\u00edpio ( Que j\u00e1 \u00e9 bastante prec\u00e1ria ) e liberando para o prefeito gastar em materiais permanentes, sem tramitar normalmente e sem ir para As comiss\u00f5es leg\u00edtimas da C\u00e2mara ( Caso esse j\u00e1 entregue a Justi\u00e7a ). Na Realidade o desespero est\u00e1 na atitude do prefeito quando a realidade de toda trama foi descoberta e divulgada para a popula\u00e7\u00e3o . Que s\u00f3 depois dessa m\u00e1scara retirada pela oposi\u00e7\u00e3o que o prefeito veio tentar responder o que j\u00e1 deveria antecipadamente fazer, o estranho \u00e9 isso , porque esconder? Se esconde o que se n\u00e3o quer mostrar? Na mat\u00e9ria bem se fala da licita\u00e7\u00e3o 017\/2019 realizada dia 09\/04 e s\u00f3 divulgada no dia 26\/04 no site da pr\u00f3pria prefeitura , onde v\u00ea que ali apresenta a aquisi\u00e7\u00e3o entre outras coisas de: quase 6 mil Pacotes de copos descart\u00e1veis , 3.500 pacotes de papel higi\u00eanico , 400 rodos etc etc .. Nada mais justo do que a oposi\u00e7\u00e3o se perguntar e estranhar tal desespero do prefeito em falar disso, s\u00f3 achamos estranho tanta coisa faltando no munic\u00edpio como rem\u00e9dios , estradas esburacadas, cal\u00e7amentos entre outras necessidades , s\u00f3 se faz um licita\u00e7\u00e3o quando \u00e9 pra se comprar : Ent\u00e3o a desculpa dada pelo prefeito que n\u00e3o iria comprar isso tudo n\u00e3o nos convence , pois temos a certeza que s\u00f3 n\u00e3o realizou ou vai realizar gra\u00e7as aos vereadores vigilantes da oposi\u00e7\u00e3o. Por fim salientamos ao prefeito que nenhum dos vereadores de oposi\u00e7\u00e3o respondem na justi\u00e7a por corrup\u00e7\u00e3o e nem muito menos existem qualquer condena\u00e7\u00e3o a nenhum de dos vereadores oposicionistas. O prefeito interino tamb\u00e9m fala de medir a r\u00e9gua dele , ora claro que isso jamais iremos fazer . Todos da cidade sabe que o Sr H\u00e9lder se elegeu vereador com uma grande ajuda de uma milit\u00e2ncia aguerrida do PSB e que ele traiu j\u00e1 durante e depois de campanha . O mesmo \u00e9 acostuma a cuspir no prato que come , fez isso com o ex prefeito Marcone e esquece q s\u00f3 est\u00e1 no cargo porque \u00e9 vice prefeito de Cosme Gon\u00e7alves , ent\u00e3o como ele fala q fez mais que os prefeitos que passaram quatro anos ? Vale salientar q esses ve\u00edculos q H\u00e9lder diz que vai entregar s\u00e3o oriundas de emendas parlamentares e de esfor\u00e7os desses gestores que passaram , N\u00e3o dele . Afirmarmos nesse momento o compromisso com o povo de S\u00e3o Jo\u00e3o do Cariri de continuarmos vigilantes e ativos na defesa do patrim\u00f4nio de nossa cidade. Agradecemos Bancada de oposi\u00e7\u00e3o Juber Ramos, D\u00e3o Lima, George Aquino e Chic\u00e3o Medeiros.<\/em><\/p>\n","protected":false},"excerpt":{"rendered":"<p>Ap\u00f3s mat\u00e9ria veiculada pelo portal De Olho no Cariri, em que o prefeito de S\u00e3o Jo\u00e3o do Cariri, H\u00e9lder Trajano, rebateu fortemente as cr\u00edticas feitas&hellip; <\/p>\n","protected":false},"author":1,"featured_media":93357,"comment_status":"closed","ping_status":"closed","sticky":false,"template":"","format":"standard","meta":{"sfsi_plus_gutenberg_text_before_share":"","sfsi_plus_gutenberg_show_text_before_share":"","sfsi_plus_gutenberg_icon_type":"","sfsi_plus_gutenberg_icon_alignemt":"","sfsi_plus_gutenburg_max_per_row":"","footnotes":""},"categories":[50,11],"tags":[],"class_list":["post-93356","post","type-post","status-publish","format-standard","has-post-thumbnail","hentry","category-destaque","category-politica"],"_links":{"self":[{"href":"https:\/\/www.caririemacao.com\/1\/wp-json\/wp\/v2\/posts\/93356","targetHints":{"allow":["GET"]}}],"collection":[{"href":"https:\/\/www.caririemacao.com\/1\/wp-json\/wp\/v2\/posts"}],"about":[{"href":"https:\/\/www.caririemacao.com\/1\/wp-json\/wp\/v2\/types\/post"}],"author":[{"embeddable":true,"href":"https:\/\/www.caririemacao.com\/1\/wp-json\/wp\/v2\/users\/1"}],"replies":[{"embeddable":true,"href":"https:\/\/www.caririemacao.com\/1\/wp-json\/wp\/v2\/comments?post=93356"}],"version-history":[{"count":1,"href":"https:\/\/www.caririemacao.com\/1\/wp-json\/wp\/v2\/posts\/93356\/revisions"}],"predecessor-version":[{"id":93358,"href":"https:\/\/www.caririemacao.com\/1\/wp-json\/wp\/v2\/posts\/93356\/revisions\/93358"}],"wp:featuredmedia":[{"embeddable":true,"href":"https:\/\/www.caririemacao.com\/1\/wp-json\/wp\/v2\/media\/93357"}],"wp:attachment":[{"href":"https:\/\/www.caririemacao.com\/1\/wp-json\/wp\/v2\/media?parent=93356"}],"wp:term":[{"taxonomy":"category","embeddable":true,"href":"https:\/\/www.caririemacao.com\/1\/wp-json\/wp\/v2\/categories?post=93356"},{"taxonomy":"post_tag","embeddable":true,"href":"https:\/\/www.caririemacao.com\/1\/wp-json\/wp\/v2\/tags?post=93356"}],"curies":[{"name":"wp","href":"https:\/\/api.w.org\/{rel}","templated":true}]}}