{"id":93361,"date":"2019-04-29T15:53:11","date_gmt":"2019-04-29T18:53:11","guid":{"rendered":"http:\/\/www.caririemacao.com\/1\/?p=93361"},"modified":"2019-04-29T15:53:11","modified_gmt":"2019-04-29T18:53:11","slug":"inscricoes-para-a-oficina-em-habilidades-academicas-terminam-nesta-terca","status":"publish","type":"post","link":"https:\/\/www.caririemacao.com\/1\/2019\/04\/29\/inscricoes-para-a-oficina-em-habilidades-academicas-terminam-nesta-terca\/","title":{"rendered":"Inscri\u00e7\u00f5es para a Oficina em Habilidades Acad\u00eamicas terminam nesta ter\u00e7a"},"content":{"rendered":"\n<p>O Setor de Psicologia vinculado \u00e0 ger\u00eancia de Assuntos Estudantis e o PET Gest\u00e3o P\u00fablica, Pol\u00edtica e Cidadania do Centro de Desenvolvimento Sustent\u00e1vel do Semi\u00e1rido da UFCG realizar\u00e3o a Oficina em Habilidades Acad\u00eamicas, voltada para os alunos de todos os cursos do CDSA, preferencialmente, do 1\u00ba ao 3\u00ba per\u00edodos. A&nbsp;<a href=\"https:\/\/docs.google.com\/forms\/d\/e\/1FAIpQLSfmHKywcV2vlb_zvjjLRWRvcxdqcZbHt-S88nGLX_hyb4vmiA\/viewform\" target=\"_blank\" rel=\"noreferrer noopener\">inscri\u00e7\u00e3o<\/a>para o curso deve ser feita at\u00e9 esta ter\u00e7a-feira (30).<\/p>\n\n\n\n<p>A oficina ser\u00e1 feita em dois m\u00f3dulos, estando o primeiro agendado para o dia 8 de maio pr\u00f3ximo e segundo m\u00f3dulo, no dia 15 de maio, \u00e0s 17h em local do CDSA ainda a ser confirmado.&nbsp;S\u00e3o oferecidas 20 vagas.<\/p>\n\n\n\n<p>Os participantes receber\u00e3o certificado com carga hor\u00e1ria de 10h.<\/p>\n\n\n\n<p>&#8220;Voc\u00ea tem dificuldades de organizar o seu tempo? Estuda e se esfor\u00e7a, mas n\u00e3o consegue alcan\u00e7ar bons resultados? Voc\u00ea realmente est\u00e1 estudando ou apenas passando horas com o livro na mesa? Como agir para ser um estudante melhor? voc\u00ea pode!&#8221;, assim destaca o material de divulga\u00e7\u00e3o da Oficina.<\/p>\n\n\n\n<p>Acesse o formul\u00e1rio de inscri\u00e7\u00e3o&nbsp;<a href=\"https:\/\/docs.google.com\/forms\/d\/e\/1FAIpQLSfmHKywcV2vlb_zvjjLRWRvcxdqcZbHt-S88nGLX_hyb4vmiA\/viewform\" target=\"_blank\" rel=\"noreferrer noopener\">aqui<\/a>.<\/p>\n\n\n\n<p>(Rosenato Barreto &#8211; Assimp CDSA\/UFCG)<\/p>\n","protected":false},"excerpt":{"rendered":"<p>O Setor de Psicologia vinculado \u00e0 ger\u00eancia de Assuntos Estudantis e o PET Gest\u00e3o P\u00fablica, Pol\u00edtica e Cidadania do Centro de Desenvolvimento Sustent\u00e1vel do Semi\u00e1rido&hellip; <\/p>\n","protected":false},"author":1,"featured_media":93362,"comment_status":"closed","ping_status":"closed","sticky":false,"template":"","format":"standard","meta":{"sfsi_plus_gutenberg_text_before_share":"","sfsi_plus_gutenberg_show_text_before_share":"","sfsi_plus_gutenberg_icon_type":"","sfsi_plus_gutenberg_icon_alignemt":"","sfsi_plus_gutenburg_max_per_row":"","footnotes":""},"categories":[50,14],"tags":[],"class_list":["post-93361","post","type-post","status-publish","format-standard","has-post-thumbnail","hentry","category-destaque","category-educacao"],"_links":{"self":[{"href":"https:\/\/www.caririemacao.com\/1\/wp-json\/wp\/v2\/posts\/93361","targetHints":{"allow":["GET"]}}],"collection":[{"href":"https:\/\/www.caririemacao.com\/1\/wp-json\/wp\/v2\/posts"}],"about":[{"href":"https:\/\/www.caririemacao.com\/1\/wp-json\/wp\/v2\/types\/post"}],"author":[{"embeddable":true,"href":"https:\/\/www.caririemacao.com\/1\/wp-json\/wp\/v2\/users\/1"}],"replies":[{"embeddable":true,"href":"https:\/\/www.caririemacao.com\/1\/wp-json\/wp\/v2\/comments?post=93361"}],"version-history":[{"count":1,"href":"https:\/\/www.caririemacao.com\/1\/wp-json\/wp\/v2\/posts\/93361\/revisions"}],"predecessor-version":[{"id":93363,"href":"https:\/\/www.caririemacao.com\/1\/wp-json\/wp\/v2\/posts\/93361\/revisions\/93363"}],"wp:featuredmedia":[{"embeddable":true,"href":"https:\/\/www.caririemacao.com\/1\/wp-json\/wp\/v2\/media\/93362"}],"wp:attachment":[{"href":"https:\/\/www.caririemacao.com\/1\/wp-json\/wp\/v2\/media?parent=93361"}],"wp:term":[{"taxonomy":"category","embeddable":true,"href":"https:\/\/www.caririemacao.com\/1\/wp-json\/wp\/v2\/categories?post=93361"},{"taxonomy":"post_tag","embeddable":true,"href":"https:\/\/www.caririemacao.com\/1\/wp-json\/wp\/v2\/tags?post=93361"}],"curies":[{"name":"wp","href":"https:\/\/api.w.org\/{rel}","templated":true}]}}