{"id":93367,"date":"2019-04-29T18:44:55","date_gmt":"2019-04-29T21:44:55","guid":{"rendered":"http:\/\/www.caririemacao.com\/1\/?p=93367"},"modified":"2019-04-29T19:14:37","modified_gmt":"2019-04-29T22:14:37","slug":"hasteamento-das-bandeiras-marca-inicio-do-aniversario-de-25-anos-de-amparo","status":"publish","type":"post","link":"https:\/\/www.caririemacao.com\/1\/2019\/04\/29\/hasteamento-das-bandeiras-marca-inicio-do-aniversario-de-25-anos-de-amparo\/","title":{"rendered":"Hasteamento das bandeiras marca in\u00edcio do anivers\u00e1rio de 25 anos de Amparo"},"content":{"rendered":"\n<p>A solenidade do hasteamento das bandeiras em frente \u00e0\nPrefeitura de Amparo foi o primeiro ato solene do anivers\u00e1rio de 25 anos do\nmunic\u00edpio. <\/p>\n\n\n\n<p>O hasteamento aconteceu na manh\u00e3 desta segunda-feira, dia\n29, e contou com a presen\u00e7a de autoridades, entre elas o prefeito In\u00e1cio\nN\u00f3brega, o vice-prefeito Fl\u00e1vio Messias, vereadores e equipe de governo.<\/p>\n\n\n\n<p>A programa\u00e7\u00e3o seguiu durante todo o dia com inaugura\u00e7\u00e3o da UBS \u00c2ncora &#8211; RAIMUNDO EN\u00c9AS DA COSTA \u2013 Comunidade do Pelel\u00ea, Exposi\u00e7\u00e3o Cultural \u201cSomos todos iguais nas pr\u00f3prias diferen\u00e7as: Educa\u00e7\u00e3o, Fam\u00edlia e Rela\u00e7\u00f5es Sociais\u201d, Missa em A\u00e7\u00e3o de Gra\u00e7a, Igreja S\u00e3o Sebasti\u00e3o e a noite shows em Pra\u00e7a P\u00fablica com Chap\u00e9u de Palha e Bedeu Quirino.<\/p>\n\n\n\n<p><strong><a href=\"https:\/\/www.facebook.com\/pg\/CaririEmAcao\/photos\/?tab=album&amp;album_id=1534225590046792\">VEJA TODAS AS FOTOS. CLIQUE AQUI.<\/a><\/strong><\/p>\n\n\n\n<p><strong>COBERTURA CARIRI EM A\u00c7\u00c3O e AMPARO LIGADO<\/strong><\/p>\n\n\n\n<p>APOIO: VOIP NORDESTE<\/p>\n","protected":false},"excerpt":{"rendered":"<p>A solenidade do hasteamento das bandeiras em frente \u00e0 Prefeitura de Amparo foi o primeiro ato solene do anivers\u00e1rio de 25 anos do munic\u00edpio. O&hellip; <\/p>\n","protected":false},"author":2,"featured_media":93368,"comment_status":"closed","ping_status":"closed","sticky":false,"template":"","format":"standard","meta":{"sfsi_plus_gutenberg_text_before_share":"","sfsi_plus_gutenberg_show_text_before_share":"","sfsi_plus_gutenberg_icon_type":"","sfsi_plus_gutenberg_icon_alignemt":"","sfsi_plus_gutenburg_max_per_row":"","footnotes":""},"categories":[6,50],"tags":[],"class_list":["post-93367","post","type-post","status-publish","format-standard","has-post-thumbnail","hentry","category-cidades","category-destaque"],"_links":{"self":[{"href":"https:\/\/www.caririemacao.com\/1\/wp-json\/wp\/v2\/posts\/93367","targetHints":{"allow":["GET"]}}],"collection":[{"href":"https:\/\/www.caririemacao.com\/1\/wp-json\/wp\/v2\/posts"}],"about":[{"href":"https:\/\/www.caririemacao.com\/1\/wp-json\/wp\/v2\/types\/post"}],"author":[{"embeddable":true,"href":"https:\/\/www.caririemacao.com\/1\/wp-json\/wp\/v2\/users\/2"}],"replies":[{"embeddable":true,"href":"https:\/\/www.caririemacao.com\/1\/wp-json\/wp\/v2\/comments?post=93367"}],"version-history":[{"count":2,"href":"https:\/\/www.caririemacao.com\/1\/wp-json\/wp\/v2\/posts\/93367\/revisions"}],"predecessor-version":[{"id":93386,"href":"https:\/\/www.caririemacao.com\/1\/wp-json\/wp\/v2\/posts\/93367\/revisions\/93386"}],"wp:featuredmedia":[{"embeddable":true,"href":"https:\/\/www.caririemacao.com\/1\/wp-json\/wp\/v2\/media\/93368"}],"wp:attachment":[{"href":"https:\/\/www.caririemacao.com\/1\/wp-json\/wp\/v2\/media?parent=93367"}],"wp:term":[{"taxonomy":"category","embeddable":true,"href":"https:\/\/www.caririemacao.com\/1\/wp-json\/wp\/v2\/categories?post=93367"},{"taxonomy":"post_tag","embeddable":true,"href":"https:\/\/www.caririemacao.com\/1\/wp-json\/wp\/v2\/tags?post=93367"}],"curies":[{"name":"wp","href":"https:\/\/api.w.org\/{rel}","templated":true}]}}