{"id":93370,"date":"2019-04-29T18:51:06","date_gmt":"2019-04-29T21:51:06","guid":{"rendered":"http:\/\/www.caririemacao.com\/1\/?p=93370"},"modified":"2019-04-29T19:16:57","modified_gmt":"2019-04-29T22:16:57","slug":"25-anos-prefeito-de-amparo-inaugura-ubs-no-pelele","status":"publish","type":"post","link":"https:\/\/www.caririemacao.com\/1\/2019\/04\/29\/25-anos-prefeito-de-amparo-inaugura-ubs-no-pelele\/","title":{"rendered":"25 anos: Prefeito de Amparo inaugura UBS no Pelel\u00ea"},"content":{"rendered":"\n<p>Durante as comemora\u00e7\u00f5es do anivers\u00e1rio dos 25 anos da cidade\nde Amparo, a Prefeitura de Municipal, por meio da Secretaria de Sa\u00fade, inaugurou\nna manh\u00e3 desta segunda-feira (29), a Unidade B\u00e1sica de Sa\u00fade \u00c2ncora Raimundo\nEn\u00e9as da Costa na Comunidade do Pelel\u00ea .<\/p>\n\n\n\n<p>Na ocasi\u00e3o, estiveram presentes o prefeito In\u00e1cio N\u00f3brega, o\nvice-prefeito Fl\u00e1vio Messias, vereadores, secret\u00e1rios, equipe de governo, familiares\ndo saudoso Raimundo En\u00e9as da Costa, al\u00e9m do ex-prefeito Z\u00e9 Arnaldo que fez\nquest\u00e3o de parabenizar o prefeito In\u00e1cio pela conclus\u00e3o da obra, iniciada em\nsua gest\u00e3o.<\/p>\n\n\n\n<p>O prefeito In\u00e1cio N\u00f3brega comemorou a entrega das obras.\n\u201cEssa \u00e9 uma obra que era esperada pela comunidade. Essa UBS vai oferecer\nservi\u00e7os de muita qualidade aos seus usu\u00e1rios. S\u00e3o diversas fam\u00edlias que ser\u00e3o\nbeneficiadas. \u00c9 com muita alegria e satisfa\u00e7\u00e3o que entregamos a Unidade B\u00e1sica\nde Sa\u00fade do Pelel\u00ea\u201d, finalizou.<\/p>\n\n\n\n<p><strong><a href=\"https:\/\/www.facebook.com\/pg\/CaririEmAcao\/photos\/?tab=album&amp;album_id=1534228830046468\">VEJA TODAS AS FOTOS. CLIQUE AQUI.<\/a><\/strong><\/p>\n\n\n\n<p><strong>COBERTURA CARIRI EM A\u00c7\u00c3O e AMPARO LIGADO<\/strong><\/p>\n\n\n\n<p>APOIO: VOIP NORDESTE<\/p>\n","protected":false},"excerpt":{"rendered":"<p>Durante as comemora\u00e7\u00f5es do anivers\u00e1rio dos 25 anos da cidade de Amparo, a Prefeitura de Municipal, por meio da Secretaria de Sa\u00fade, inaugurou na manh\u00e3&hellip; <\/p>\n","protected":false},"author":2,"featured_media":93371,"comment_status":"closed","ping_status":"closed","sticky":false,"template":"","format":"standard","meta":{"sfsi_plus_gutenberg_text_before_share":"","sfsi_plus_gutenberg_show_text_before_share":"","sfsi_plus_gutenberg_icon_type":"","sfsi_plus_gutenberg_icon_alignemt":"","sfsi_plus_gutenburg_max_per_row":"","footnotes":""},"categories":[50,2],"tags":[],"class_list":["post-93370","post","type-post","status-publish","format-standard","has-post-thumbnail","hentry","category-destaque","category-geral"],"_links":{"self":[{"href":"https:\/\/www.caririemacao.com\/1\/wp-json\/wp\/v2\/posts\/93370","targetHints":{"allow":["GET"]}}],"collection":[{"href":"https:\/\/www.caririemacao.com\/1\/wp-json\/wp\/v2\/posts"}],"about":[{"href":"https:\/\/www.caririemacao.com\/1\/wp-json\/wp\/v2\/types\/post"}],"author":[{"embeddable":true,"href":"https:\/\/www.caririemacao.com\/1\/wp-json\/wp\/v2\/users\/2"}],"replies":[{"embeddable":true,"href":"https:\/\/www.caririemacao.com\/1\/wp-json\/wp\/v2\/comments?post=93370"}],"version-history":[{"count":2,"href":"https:\/\/www.caririemacao.com\/1\/wp-json\/wp\/v2\/posts\/93370\/revisions"}],"predecessor-version":[{"id":93387,"href":"https:\/\/www.caririemacao.com\/1\/wp-json\/wp\/v2\/posts\/93370\/revisions\/93387"}],"wp:featuredmedia":[{"embeddable":true,"href":"https:\/\/www.caririemacao.com\/1\/wp-json\/wp\/v2\/media\/93371"}],"wp:attachment":[{"href":"https:\/\/www.caririemacao.com\/1\/wp-json\/wp\/v2\/media?parent=93370"}],"wp:term":[{"taxonomy":"category","embeddable":true,"href":"https:\/\/www.caririemacao.com\/1\/wp-json\/wp\/v2\/categories?post=93370"},{"taxonomy":"post_tag","embeddable":true,"href":"https:\/\/www.caririemacao.com\/1\/wp-json\/wp\/v2\/tags?post=93370"}],"curies":[{"name":"wp","href":"https:\/\/api.w.org\/{rel}","templated":true}]}}