{"id":93373,"date":"2019-04-29T18:54:55","date_gmt":"2019-04-29T21:54:55","guid":{"rendered":"http:\/\/www.caririemacao.com\/1\/?p=93373"},"modified":"2019-04-29T19:13:05","modified_gmt":"2019-04-29T22:13:05","slug":"prefeito-inacio-assina-ordem-de-servico-para-pavimentacao-de-ruas-na-vila-francisco-de-paulo-arruda","status":"publish","type":"post","link":"https:\/\/www.caririemacao.com\/1\/2019\/04\/29\/prefeito-inacio-assina-ordem-de-servico-para-pavimentacao-de-ruas-na-vila-francisco-de-paulo-arruda\/","title":{"rendered":"Prefeito In\u00e1cio assina ordem de servi\u00e7o para pavimenta\u00e7\u00e3o de ruas na Vila Francisco de Paulo Arruda"},"content":{"rendered":"\n<p>Na tarde desta segunda-feira (29), dia do anivers\u00e1rio da\ncidade de Amparo, o prefeito In\u00e1cio N\u00f3brega, acompanhado do vice-prefeito,\nFl\u00e1vio Messias, secret\u00e1rios, vereadores e populares assinou a ordem de servi\u00e7os\npara o in\u00edcio da pavimenta\u00e7\u00e3o das ruas do Conjunto Habitacional Francisco de\nPaulo Arruda.<\/p>\n\n\n\n<p>Segundo o prefeito In\u00e1cio ser\u00e3o pavimentadas 04 ruas,\natrav\u00e9s de recursos federais e do munic\u00edpio, or\u00e7ado em quase 314 mil reais.<\/p>\n\n\n\n<p>Ainda no ato de assinatura, In\u00e1cio N\u00f3brega informou que as\nruas do Conjunto Habitacional Francisco de Paulo Arruda tamb\u00e9m receber\u00e3o rede\nde esgoto, atrav\u00e9s de investimentos com recursos do pr\u00f3prio municipal.<\/p>\n\n\n\n<p>In\u00e1cio disse ainda que pretende implantar uma academia de\nsa\u00fade e uma pra\u00e7a na entrada da cidade, na mesma localidade onde receber\u00e1 a\npavimenta\u00e7\u00e3o e o esgoto.<\/p>\n\n\n\n<p>Por \u00faltimo, o prefeito tamb\u00e9m informou que ser\u00e1 investido recursos\nna ordem de quase 260 mil com a pavimenta\u00e7\u00e3o de ruas na Vila 8 de mar\u00e7o. <\/p>\n\n\n\n<p><strong><a href=\"https:\/\/www.facebook.com\/pg\/CaririEmAcao\/photos\/?tab=album&amp;album_id=1534236573379027\">VEJA TODAS AS FOTOS. CLIQUE AQUI.<\/a><\/strong><\/p>\n\n\n\n<p><strong>COBERTURA CARIRI EM A\u00c7\u00c3O e AMPARO LIGADO<\/strong><\/p>\n\n\n\n<p>\n\nAPOIO: VOIP NORDESTE (Amparo)\n\n<\/p>\n","protected":false},"excerpt":{"rendered":"<p>Na tarde desta segunda-feira (29), dia do anivers\u00e1rio da cidade de Amparo, o prefeito In\u00e1cio N\u00f3brega, acompanhado do vice-prefeito, Fl\u00e1vio Messias, secret\u00e1rios, vereadores e populares&hellip; <\/p>\n","protected":false},"author":2,"featured_media":93374,"comment_status":"closed","ping_status":"closed","sticky":false,"template":"","format":"standard","meta":{"sfsi_plus_gutenberg_text_before_share":"","sfsi_plus_gutenberg_show_text_before_share":"","sfsi_plus_gutenberg_icon_type":"","sfsi_plus_gutenberg_icon_alignemt":"","sfsi_plus_gutenburg_max_per_row":"","footnotes":""},"categories":[6,50],"tags":[],"class_list":["post-93373","post","type-post","status-publish","format-standard","has-post-thumbnail","hentry","category-cidades","category-destaque"],"_links":{"self":[{"href":"https:\/\/www.caririemacao.com\/1\/wp-json\/wp\/v2\/posts\/93373","targetHints":{"allow":["GET"]}}],"collection":[{"href":"https:\/\/www.caririemacao.com\/1\/wp-json\/wp\/v2\/posts"}],"about":[{"href":"https:\/\/www.caririemacao.com\/1\/wp-json\/wp\/v2\/types\/post"}],"author":[{"embeddable":true,"href":"https:\/\/www.caririemacao.com\/1\/wp-json\/wp\/v2\/users\/2"}],"replies":[{"embeddable":true,"href":"https:\/\/www.caririemacao.com\/1\/wp-json\/wp\/v2\/comments?post=93373"}],"version-history":[{"count":3,"href":"https:\/\/www.caririemacao.com\/1\/wp-json\/wp\/v2\/posts\/93373\/revisions"}],"predecessor-version":[{"id":93385,"href":"https:\/\/www.caririemacao.com\/1\/wp-json\/wp\/v2\/posts\/93373\/revisions\/93385"}],"wp:featuredmedia":[{"embeddable":true,"href":"https:\/\/www.caririemacao.com\/1\/wp-json\/wp\/v2\/media\/93374"}],"wp:attachment":[{"href":"https:\/\/www.caririemacao.com\/1\/wp-json\/wp\/v2\/media?parent=93373"}],"wp:term":[{"taxonomy":"category","embeddable":true,"href":"https:\/\/www.caririemacao.com\/1\/wp-json\/wp\/v2\/categories?post=93373"},{"taxonomy":"post_tag","embeddable":true,"href":"https:\/\/www.caririemacao.com\/1\/wp-json\/wp\/v2\/tags?post=93373"}],"curies":[{"name":"wp","href":"https:\/\/api.w.org\/{rel}","templated":true}]}}