{"id":93376,"date":"2019-04-29T19:06:34","date_gmt":"2019-04-29T22:06:34","guid":{"rendered":"http:\/\/www.caririemacao.com\/1\/?p=93376"},"modified":"2019-04-29T19:07:56","modified_gmt":"2019-04-29T22:07:56","slug":"prefeito-inacio-e-recebido-com-festa-na-vila-francisco-de-paulo-arruda","status":"publish","type":"post","link":"https:\/\/www.caririemacao.com\/1\/2019\/04\/29\/prefeito-inacio-e-recebido-com-festa-na-vila-francisco-de-paulo-arruda\/","title":{"rendered":"Prefeito In\u00e1cio \u00e9 recebido com festa na Vila Francisco de Paulo Arruda"},"content":{"rendered":"\n<p>Ap\u00f3s o ato de assinatura da ordem de servi\u00e7os para o in\u00edcio\nda pavimenta\u00e7\u00e3o das ruas da Vila Francisco de Paulo Arruda, os moradores da\ncomunidade comemorou o momento hist\u00f3rico com uma feijoada.<\/p>\n\n\n\n<p>Os moradores ressaltaram o trabalho de In\u00e1cio e agradeceram pela aten\u00e7\u00e3o dada pela atual gest\u00e3o a comunidade, principalmente ao anunciar o in\u00edcio de pavimenta\u00e7\u00e3o e rede de esgoto. <\/p>\n\n\n\n<figure class=\"wp-block-image\"><img fetchpriority=\"high\" decoding=\"async\" width=\"1024\" height=\"683\" src=\"http:\/\/www.caririemacao.com\/1\/wp-content\/uploads\/2019\/04\/moradores-da-vila-recebe-prefeito-com-muita-festa-2-1024x683.jpg\" alt=\"\" class=\"wp-image-93377\" srcset=\"https:\/\/www.caririemacao.com\/1\/wp-content\/uploads\/2019\/04\/moradores-da-vila-recebe-prefeito-com-muita-festa-2-1024x683.jpg 1024w, https:\/\/www.caririemacao.com\/1\/wp-content\/uploads\/2019\/04\/moradores-da-vila-recebe-prefeito-com-muita-festa-2-300x200.jpg 300w, https:\/\/www.caririemacao.com\/1\/wp-content\/uploads\/2019\/04\/moradores-da-vila-recebe-prefeito-com-muita-festa-2-768x512.jpg 768w\" sizes=\"(max-width: 1024px) 100vw, 1024px\" \/><\/figure>\n\n\n\n<p>Eles tamb\u00e9m ficaram felizes ao saber que o prefeito In\u00e1cio N\u00f3brega pretende construir uma academia de sa\u00fade e uma pra\u00e7a na entrada da cidade, na mesma localidade onde receber\u00e1 a pavimenta\u00e7\u00e3o e o esgoto. <\/p>\n\n\n\n<p><strong>COBERTURA CARIRI EM A\u00c7\u00c3O e AMPARO LIGADO<\/strong><\/p>\n\n\n\n<p>APOIO: VOIP NORDESTE (Amparo)<\/p>\n","protected":false},"excerpt":{"rendered":"<p>Ap\u00f3s o ato de assinatura da ordem de servi\u00e7os para o in\u00edcio da pavimenta\u00e7\u00e3o das ruas da Vila Francisco de Paulo Arruda, os moradores da&hellip; <\/p>\n","protected":false},"author":2,"featured_media":93378,"comment_status":"closed","ping_status":"closed","sticky":false,"template":"","format":"standard","meta":{"sfsi_plus_gutenberg_text_before_share":"","sfsi_plus_gutenberg_show_text_before_share":"","sfsi_plus_gutenberg_icon_type":"","sfsi_plus_gutenberg_icon_alignemt":"","sfsi_plus_gutenburg_max_per_row":"","footnotes":""},"categories":[50,11],"tags":[],"class_list":["post-93376","post","type-post","status-publish","format-standard","has-post-thumbnail","hentry","category-destaque","category-politica"],"_links":{"self":[{"href":"https:\/\/www.caririemacao.com\/1\/wp-json\/wp\/v2\/posts\/93376","targetHints":{"allow":["GET"]}}],"collection":[{"href":"https:\/\/www.caririemacao.com\/1\/wp-json\/wp\/v2\/posts"}],"about":[{"href":"https:\/\/www.caririemacao.com\/1\/wp-json\/wp\/v2\/types\/post"}],"author":[{"embeddable":true,"href":"https:\/\/www.caririemacao.com\/1\/wp-json\/wp\/v2\/users\/2"}],"replies":[{"embeddable":true,"href":"https:\/\/www.caririemacao.com\/1\/wp-json\/wp\/v2\/comments?post=93376"}],"version-history":[{"count":2,"href":"https:\/\/www.caririemacao.com\/1\/wp-json\/wp\/v2\/posts\/93376\/revisions"}],"predecessor-version":[{"id":93380,"href":"https:\/\/www.caririemacao.com\/1\/wp-json\/wp\/v2\/posts\/93376\/revisions\/93380"}],"wp:featuredmedia":[{"embeddable":true,"href":"https:\/\/www.caririemacao.com\/1\/wp-json\/wp\/v2\/media\/93378"}],"wp:attachment":[{"href":"https:\/\/www.caririemacao.com\/1\/wp-json\/wp\/v2\/media?parent=93376"}],"wp:term":[{"taxonomy":"category","embeddable":true,"href":"https:\/\/www.caririemacao.com\/1\/wp-json\/wp\/v2\/categories?post=93376"},{"taxonomy":"post_tag","embeddable":true,"href":"https:\/\/www.caririemacao.com\/1\/wp-json\/wp\/v2\/tags?post=93376"}],"curies":[{"name":"wp","href":"https:\/\/api.w.org\/{rel}","templated":true}]}}