{"id":93382,"date":"2019-04-29T19:12:15","date_gmt":"2019-04-29T22:12:15","guid":{"rendered":"http:\/\/www.caririemacao.com\/1\/?p=93382"},"modified":"2019-04-29T19:13:11","modified_gmt":"2019-04-29T22:13:11","slug":"prf-realiza-operacao-apreende-motocicletas-no-sertao-e-apreensoes-sera-ampliada-para-todas-as-regioes-da-pb","status":"publish","type":"post","link":"https:\/\/www.caririemacao.com\/1\/2019\/04\/29\/prf-realiza-operacao-apreende-motocicletas-no-sertao-e-apreensoes-sera-ampliada-para-todas-as-regioes-da-pb\/","title":{"rendered":"PRF realiza opera\u00e7\u00e3o, apreende motocicletas no sert\u00e3o e apreens\u00f5es ser\u00e1 ampliada para todas as regi\u00f5es da PB"},"content":{"rendered":"\n<p>A Pol\u00edcia Rodovi\u00e1ria Federal (PRF) aprendeu durante a Opera\u00e7\u00e3o Duas Rodas, realizada no Sert\u00e3o do Estado na \u00faltima sexta-feira (26) e s\u00e1bado (27), 35 motocicletas com irregularidades, sendo uma com ocorr\u00eancia de roubo e outra clonada. Segundo a assessoria da PRF, a Opera\u00e7\u00e3o que \u00e9 itinerante e ser\u00e1 realizada em todo Estado da Para\u00edba ao longo do ano.<\/p>\n\n\n\n<p>As apreens\u00f5es foram realizadas nas rodovias BR 230 e BR 361, nos munic\u00edpios de Patos, Santa Terezinha, Catingueira, Santa Luzia, Malta, S\u00e3o Bentinho e Pombal.<\/p>\n\n\n\n<p>A fiscaliza\u00e7\u00e3o intensificada \u00e0s motocicletas e ciclomotores faz parte das a\u00e7\u00f5es da PRF que visam reduzir o n\u00famero de acidentes graves, bem como de combate \u00e0 criminalidade, j\u00e1 que o n\u00famero de ocorr\u00eancias criminais nos quais os envolvidos utilizam motocicletas para a pr\u00e1tica de crimes tamb\u00e9m \u00e9 significativo.<\/p>\n\n\n\n<p>Durante a Opera\u00e7\u00e3o Duas Rodas foram fiscalizados 158 ve\u00edculos, sendo flagradas 207 infra\u00e7\u00f5es de tr\u00e2nsito diversas, 3 pessoas foram detidas, 2 motos recuperadas, 38 ve\u00edculos apreendidos sendo 35 deles motocicletas.<\/p>\n\n\n\n<p>A Opera\u00e7\u00e3o ser\u00e1 realizada em v\u00e1rios pontos do Estado com o objetivo de intensificar a fiscaliza\u00e7\u00e3o nas rodovias federais da Para\u00edba. Apesar da fiscaliza\u00e7\u00e3o, \u00e9 fundamental uma mudan\u00e7a de atitude do motociclista, respeitando as normas de circula\u00e7\u00e3o, tais como ultrapassagens seguras, velocidade compat\u00edvel, uso de equipamentos de seguran\u00e7a e possuir habilita\u00e7\u00e3o para condu\u00e7\u00e3o de motocicletas.<\/p>\n\n\n\n<p>Click PB <\/p>\n","protected":false},"excerpt":{"rendered":"<p>A Pol\u00edcia Rodovi\u00e1ria Federal (PRF) aprendeu durante a Opera\u00e7\u00e3o Duas Rodas, realizada no Sert\u00e3o do Estado na \u00faltima sexta-feira (26) e s\u00e1bado (27), 35 motocicletas&hellip; <\/p>\n","protected":false},"author":1,"featured_media":6179,"comment_status":"closed","ping_status":"closed","sticky":false,"template":"","format":"standard","meta":{"sfsi_plus_gutenberg_text_before_share":"","sfsi_plus_gutenberg_show_text_before_share":"","sfsi_plus_gutenberg_icon_type":"","sfsi_plus_gutenberg_icon_alignemt":"","sfsi_plus_gutenburg_max_per_row":"","footnotes":""},"categories":[50,2],"tags":[],"class_list":["post-93382","post","type-post","status-publish","format-standard","has-post-thumbnail","hentry","category-destaque","category-geral"],"_links":{"self":[{"href":"https:\/\/www.caririemacao.com\/1\/wp-json\/wp\/v2\/posts\/93382","targetHints":{"allow":["GET"]}}],"collection":[{"href":"https:\/\/www.caririemacao.com\/1\/wp-json\/wp\/v2\/posts"}],"about":[{"href":"https:\/\/www.caririemacao.com\/1\/wp-json\/wp\/v2\/types\/post"}],"author":[{"embeddable":true,"href":"https:\/\/www.caririemacao.com\/1\/wp-json\/wp\/v2\/users\/1"}],"replies":[{"embeddable":true,"href":"https:\/\/www.caririemacao.com\/1\/wp-json\/wp\/v2\/comments?post=93382"}],"version-history":[{"count":1,"href":"https:\/\/www.caririemacao.com\/1\/wp-json\/wp\/v2\/posts\/93382\/revisions"}],"predecessor-version":[{"id":93384,"href":"https:\/\/www.caririemacao.com\/1\/wp-json\/wp\/v2\/posts\/93382\/revisions\/93384"}],"wp:featuredmedia":[{"embeddable":true,"href":"https:\/\/www.caririemacao.com\/1\/wp-json\/wp\/v2\/media\/6179"}],"wp:attachment":[{"href":"https:\/\/www.caririemacao.com\/1\/wp-json\/wp\/v2\/media?parent=93382"}],"wp:term":[{"taxonomy":"category","embeddable":true,"href":"https:\/\/www.caririemacao.com\/1\/wp-json\/wp\/v2\/categories?post=93382"},{"taxonomy":"post_tag","embeddable":true,"href":"https:\/\/www.caririemacao.com\/1\/wp-json\/wp\/v2\/tags?post=93382"}],"curies":[{"name":"wp","href":"https:\/\/api.w.org\/{rel}","templated":true}]}}