{"id":93391,"date":"2019-04-29T19:27:21","date_gmt":"2019-04-29T22:27:21","guid":{"rendered":"http:\/\/www.caririemacao.com\/1\/?p=93391"},"modified":"2019-04-29T19:27:21","modified_gmt":"2019-04-29T22:27:21","slug":"zabele-nossos-25-anos-foi-comemorado-em-grande-estilo","status":"publish","type":"post","link":"https:\/\/www.caririemacao.com\/1\/2019\/04\/29\/zabele-nossos-25-anos-foi-comemorado-em-grande-estilo\/","title":{"rendered":"ZABEL\u00ca: Nossos 25 anos foi comemorado em grande estilo"},"content":{"rendered":"\n<figure class=\"wp-block-image\"><a href=\"https:\/\/4.bp.blogspot.com\/-_O7FuDLuM6w\/XMdUznG28lI\/AAAAAAAAkYQ\/wQRAj2Frs2ErQXK6Prv69OonBstSIPN9ACLcBGAs\/s1600\/58740065_1280336368795305_8937572633667436544_n.jpg\"><img decoding=\"async\" data-src=\"https:\/\/4.bp.blogspot.com\/-_O7FuDLuM6w\/XMdUznG28lI\/AAAAAAAAkYQ\/wQRAj2Frs2ErQXK6Prv69OonBstSIPN9ACLcBGAs\/s280\/58740065_1280336368795305_8937572633667436544_n.jpg\" alt=\"\" src=\"data:image\/svg+xml;base64,PHN2ZyB3aWR0aD0iMSIgaGVpZ2h0PSIxIiB4bWxucz0iaHR0cDovL3d3dy53My5vcmcvMjAwMC9zdmciPjwvc3ZnPg==\" class=\"lazyload\" \/><\/a><\/figure>\n\n\n\n<p>Na manh\u00e3 desta segunda-feira (29) o prefeito Dalyson Neves, vice-prefeito Jos\u00e9 Cl\u00e1udio, vereadores e secret\u00e1rios juntamente com a popula\u00e7\u00e3o local comemoraram as festividades pelos 25 anos de emancipa\u00e7\u00e3o pol\u00edtica. Um bolo de 25 metros foi cortado e servido aos presentes.Na noite de hoje a cidade recebe os shows dos artistas locais, \u00e0s 20h Vanessa Vidal, 21h:00 Daniel Medeiros, 22h:00 Adilson Medeiros, 0h:00 Sandra Bel\u00ea.<\/p>\n\n\n\n<figure class=\"wp-block-image\"><a href=\"https:\/\/2.bp.blogspot.com\/-wm1pl5hx1fM\/XMdVqNJFyPI\/AAAAAAAAkYc\/YMxfpWLDzP0lQut6Vlt5cWW2jSk6htAYwCLcBGAs\/s1600\/WhatsApp%2BImage%2B2019-04-29%2Bat%2B11.49.00.jpeg\"><img decoding=\"async\" data-src=\"https:\/\/2.bp.blogspot.com\/-wm1pl5hx1fM\/XMdVqNJFyPI\/AAAAAAAAkYc\/YMxfpWLDzP0lQut6Vlt5cWW2jSk6htAYwCLcBGAs\/s280\/WhatsApp%2BImage%2B2019-04-29%2Bat%2B11.49.00.jpeg\" alt=\"\" src=\"data:image\/svg+xml;base64,PHN2ZyB3aWR0aD0iMSIgaGVpZ2h0PSIxIiB4bWxucz0iaHR0cDovL3d3dy53My5vcmcvMjAwMC9zdmciPjwvc3ZnPg==\" class=\"lazyload\" \/><\/a><\/figure>\n\n\n\n<figure class=\"wp-block-image\"><a href=\"https:\/\/2.bp.blogspot.com\/-9kb19k2ub68\/XMdVqG51YWI\/AAAAAAAAkYY\/U7Un9FXY5KIlwJHoPmTa2QJVIOSb_RtPACLcBGAs\/s1600\/WhatsApp%2BImage%2B2019-04-29%2Bat%2B11.49.02.jpeg\"><img decoding=\"async\" data-src=\"https:\/\/2.bp.blogspot.com\/-9kb19k2ub68\/XMdVqG51YWI\/AAAAAAAAkYY\/U7Un9FXY5KIlwJHoPmTa2QJVIOSb_RtPACLcBGAs\/s280\/WhatsApp%2BImage%2B2019-04-29%2Bat%2B11.49.02.jpeg\" alt=\"\" src=\"data:image\/svg+xml;base64,PHN2ZyB3aWR0aD0iMSIgaGVpZ2h0PSIxIiB4bWxucz0iaHR0cDovL3d3dy53My5vcmcvMjAwMC9zdmciPjwvc3ZnPg==\" class=\"lazyload\" \/><\/a><\/figure>\n\n\n\n<figure class=\"wp-block-image\"><a href=\"https:\/\/4.bp.blogspot.com\/-U2wF0BlSYlc\/XMdVqMAUuyI\/AAAAAAAAkYg\/grHqwqoguREeWAJgnKB_2cNLS40vwGaxwCLcBGAs\/s1600\/WhatsApp%2BImage%2B2019-04-29%2Bat%2B11.49.03%25281%2529.jpeg\"><img decoding=\"async\" data-src=\"https:\/\/4.bp.blogspot.com\/-U2wF0BlSYlc\/XMdVqMAUuyI\/AAAAAAAAkYg\/grHqwqoguREeWAJgnKB_2cNLS40vwGaxwCLcBGAs\/s280\/WhatsApp%2BImage%2B2019-04-29%2Bat%2B11.49.03%25281%2529.jpeg\" alt=\"\" src=\"data:image\/svg+xml;base64,PHN2ZyB3aWR0aD0iMSIgaGVpZ2h0PSIxIiB4bWxucz0iaHR0cDovL3d3dy53My5vcmcvMjAwMC9zdmciPjwvc3ZnPg==\" class=\"lazyload\" \/><\/a><\/figure>\n\n\n\n<figure class=\"wp-block-image\"><a href=\"https:\/\/3.bp.blogspot.com\/-S4bTx4xRHFw\/XMdVqrYpCsI\/AAAAAAAAkYk\/6sRSjcJjgh4PY6RQnP6Es8JvOKXjkXqsQCLcBGAs\/s1600\/WhatsApp%2BImage%2B2019-04-29%2Bat%2B11.49.03.jpeg\"><img decoding=\"async\" data-src=\"https:\/\/3.bp.blogspot.com\/-S4bTx4xRHFw\/XMdVqrYpCsI\/AAAAAAAAkYk\/6sRSjcJjgh4PY6RQnP6Es8JvOKXjkXqsQCLcBGAs\/s280\/WhatsApp%2BImage%2B2019-04-29%2Bat%2B11.49.03.jpeg\" alt=\"\" src=\"data:image\/svg+xml;base64,PHN2ZyB3aWR0aD0iMSIgaGVpZ2h0PSIxIiB4bWxucz0iaHR0cDovL3d3dy53My5vcmcvMjAwMC9zdmciPjwvc3ZnPg==\" class=\"lazyload\" \/><\/a><\/figure>\n","protected":false},"excerpt":{"rendered":"<p>Na manh\u00e3 desta segunda-feira (29) o prefeito Dalyson Neves, vice-prefeito Jos\u00e9 Cl\u00e1udio, vereadores e secret\u00e1rios juntamente com a popula\u00e7\u00e3o local comemoraram as festividades pelos 25&hellip; <\/p>\n","protected":false},"author":1,"featured_media":93393,"comment_status":"closed","ping_status":"closed","sticky":false,"template":"","format":"standard","meta":{"sfsi_plus_gutenberg_text_before_share":"","sfsi_plus_gutenberg_show_text_before_share":"","sfsi_plus_gutenberg_icon_type":"","sfsi_plus_gutenberg_icon_alignemt":"","sfsi_plus_gutenburg_max_per_row":"","footnotes":""},"categories":[6,50],"tags":[],"class_list":["post-93391","post","type-post","status-publish","format-standard","has-post-thumbnail","hentry","category-cidades","category-destaque"],"_links":{"self":[{"href":"https:\/\/www.caririemacao.com\/1\/wp-json\/wp\/v2\/posts\/93391","targetHints":{"allow":["GET"]}}],"collection":[{"href":"https:\/\/www.caririemacao.com\/1\/wp-json\/wp\/v2\/posts"}],"about":[{"href":"https:\/\/www.caririemacao.com\/1\/wp-json\/wp\/v2\/types\/post"}],"author":[{"embeddable":true,"href":"https:\/\/www.caririemacao.com\/1\/wp-json\/wp\/v2\/users\/1"}],"replies":[{"embeddable":true,"href":"https:\/\/www.caririemacao.com\/1\/wp-json\/wp\/v2\/comments?post=93391"}],"version-history":[{"count":1,"href":"https:\/\/www.caririemacao.com\/1\/wp-json\/wp\/v2\/posts\/93391\/revisions"}],"predecessor-version":[{"id":93394,"href":"https:\/\/www.caririemacao.com\/1\/wp-json\/wp\/v2\/posts\/93391\/revisions\/93394"}],"wp:featuredmedia":[{"embeddable":true,"href":"https:\/\/www.caririemacao.com\/1\/wp-json\/wp\/v2\/media\/93393"}],"wp:attachment":[{"href":"https:\/\/www.caririemacao.com\/1\/wp-json\/wp\/v2\/media?parent=93391"}],"wp:term":[{"taxonomy":"category","embeddable":true,"href":"https:\/\/www.caririemacao.com\/1\/wp-json\/wp\/v2\/categories?post=93391"},{"taxonomy":"post_tag","embeddable":true,"href":"https:\/\/www.caririemacao.com\/1\/wp-json\/wp\/v2\/tags?post=93391"}],"curies":[{"name":"wp","href":"https:\/\/api.w.org\/{rel}","templated":true}]}}