{"id":93402,"date":"2019-04-30T11:11:40","date_gmt":"2019-04-30T14:11:40","guid":{"rendered":"http:\/\/www.caririemacao.com\/1\/?p=93402"},"modified":"2019-04-30T11:11:40","modified_gmt":"2019-04-30T14:11:40","slug":"%ef%bb%bfprefeitura-de-camalau-valoriza-o-funcionalismo-publico-e-paga-salarios-dentro-do-mes-trabalhado","status":"publish","type":"post","link":"https:\/\/www.caririemacao.com\/1\/2019\/04\/30\/%ef%bb%bfprefeitura-de-camalau-valoriza-o-funcionalismo-publico-e-paga-salarios-dentro-do-mes-trabalhado\/","title":{"rendered":"\ufeffPrefeitura de Camala\u00fa valoriza o funcionalismo p\u00fablico e paga sal\u00e1rios dentro do m\u00eas trabalhado"},"content":{"rendered":"\n<p>A prefeitura de Camala\u00fa atrav\u00e9s da gest\u00e3o do prefeito Sandro M\u00f4co vem apresentando excelente desempenho quando o assunto \u00e9 controle com as finan\u00e7as do munic\u00edpio. O pagamento do funcionalismo da prefeitura \u00e9 pago rigorosamente em dia e sempre dentro do m\u00eas trabalhado.<\/p>\n\n\n\n<p>Todos os meses injetamos mais de meio milh\u00e3o de reais na economia do munic\u00edpio de Camala\u00fa aquecendo o com\u00e9rcio local e fazendo com que o fluxo de compra e venda seja continuo; afirmou o prefeito Sandro M\u00f4co.<\/p>\n","protected":false},"excerpt":{"rendered":"<p>A prefeitura de Camala\u00fa atrav\u00e9s da gest\u00e3o do prefeito Sandro M\u00f4co vem apresentando excelente desempenho quando o assunto \u00e9 controle com as finan\u00e7as do munic\u00edpio.&hellip; <\/p>\n","protected":false},"author":1,"featured_media":91612,"comment_status":"closed","ping_status":"closed","sticky":false,"template":"","format":"standard","meta":{"sfsi_plus_gutenberg_text_before_share":"","sfsi_plus_gutenberg_show_text_before_share":"","sfsi_plus_gutenberg_icon_type":"","sfsi_plus_gutenberg_icon_alignemt":"","sfsi_plus_gutenburg_max_per_row":"","footnotes":""},"categories":[6,50],"tags":[],"class_list":["post-93402","post","type-post","status-publish","format-standard","has-post-thumbnail","hentry","category-cidades","category-destaque"],"_links":{"self":[{"href":"https:\/\/www.caririemacao.com\/1\/wp-json\/wp\/v2\/posts\/93402","targetHints":{"allow":["GET"]}}],"collection":[{"href":"https:\/\/www.caririemacao.com\/1\/wp-json\/wp\/v2\/posts"}],"about":[{"href":"https:\/\/www.caririemacao.com\/1\/wp-json\/wp\/v2\/types\/post"}],"author":[{"embeddable":true,"href":"https:\/\/www.caririemacao.com\/1\/wp-json\/wp\/v2\/users\/1"}],"replies":[{"embeddable":true,"href":"https:\/\/www.caririemacao.com\/1\/wp-json\/wp\/v2\/comments?post=93402"}],"version-history":[{"count":1,"href":"https:\/\/www.caririemacao.com\/1\/wp-json\/wp\/v2\/posts\/93402\/revisions"}],"predecessor-version":[{"id":93403,"href":"https:\/\/www.caririemacao.com\/1\/wp-json\/wp\/v2\/posts\/93402\/revisions\/93403"}],"wp:featuredmedia":[{"embeddable":true,"href":"https:\/\/www.caririemacao.com\/1\/wp-json\/wp\/v2\/media\/91612"}],"wp:attachment":[{"href":"https:\/\/www.caririemacao.com\/1\/wp-json\/wp\/v2\/media?parent=93402"}],"wp:term":[{"taxonomy":"category","embeddable":true,"href":"https:\/\/www.caririemacao.com\/1\/wp-json\/wp\/v2\/categories?post=93402"},{"taxonomy":"post_tag","embeddable":true,"href":"https:\/\/www.caririemacao.com\/1\/wp-json\/wp\/v2\/tags?post=93402"}],"curies":[{"name":"wp","href":"https:\/\/api.w.org\/{rel}","templated":true}]}}